{"id":108994,"date":"2025-04-01T16:58:07","date_gmt":"2025-04-01T16:58:07","guid":{"rendered":"https:\/\/rdnews.al\/?p=108994"},"modified":"2025-04-01T16:58:07","modified_gmt":"2025-04-01T16:58:07","slug":"berisha-do-legalizohet-cdo-shtepi-para-cdo-akti-urbanizimi-pronaret-do-marrin-kompensim-me-cmim-tregu","status":"publish","type":"post","link":"https:\/\/rdnews.al\/index.php\/2025\/04\/01\/berisha-do-legalizohet-cdo-shtepi-para-cdo-akti-urbanizimi-pronaret-do-marrin-kompensim-me-cmim-tregu\/","title":{"rendered":"Berisha: Do legalizohet \u00e7do sht\u00ebpi para \u00e7do akti urbanizimi, pronar\u00ebt do marrin kompensim me \u00e7mim tregu"},"content":{"rendered":"<p>Kryetari i Partis\u00eb Demokratike, Sali Berisha ka premtuar p\u00ebr banor\u00ebt e zon\u00ebs s\u00eb Bregut t\u00eb Lumit se do t\u00eb b\u00ebhen legalizimet, para se t\u00eb nd\u00ebrmerren projekte t\u00eb urbanizimit.<\/p>\n<p>Berisha u shpreh se, pronar\u00ebt do t\u00eb kompensohen p\u00ebr \u00e7do met\u00ebr katror\u00eb tok\u00eb, me \u00e7mimet e tregut.<\/p>\n<p>\u201cMiq, sot ne kemi zbritur n\u00eb vitin 1960 si frym\u00eb, si popullat\u00eb.<\/p>\n<p>Kemi humbur shtes\u00ebn e 55 viteve. Humbje e tmerrshme.<\/p>\n<p>At\u00ebher\u00eb, duhet ta nxisim. 2 m\u00ebnyra. T\u00eb kthejm\u00eb shqiptar\u00ebt nga jasht\u00eb. T\u00eb b\u00ebjm\u00eb gjith\u00e7ka q\u00eb v\u00ebllez\u00ebrit, motrat, f\u00ebmij\u00ebt tan\u00eb, t\u00eb cil\u00ebt n\u00eb t\u00eb shumt\u00ebn e rasteve punojn\u00eb n\u00eb bujq\u00ebsi, punojn\u00eb n\u00eb nd\u00ebrtim, t\u00eb kthehen n\u00eb vendin e tyre, t\u2019i investojn\u00eb ato kursime duke i l\u00ebn\u00eb 5 vite pa taksa, pa asnj\u00eb taks\u00eb.<\/p>\n<p>A funksionon? Po, funksionon. Nga viti 2009 deri n\u00eb vitin 2012 u kthyen 180 mij\u00eb familje shqiptare nga jasht\u00eb. Do funksionoj\u00eb p\u00ebrs\u00ebri. P\u00ebrve\u00e7 k\u00ebsaj do nxisim lindjen.<\/p>\n<p>Tani, ju keni nd\u00ebrtuar k\u00ebtu sht\u00ebpit\u00eb tuaja, keni nd\u00ebrtuar jet\u00ebn tuaj dhe p\u00ebrs\u00ebri ka pasiguri t\u00eb madhe. Dhe k\u00ebt\u00eb pasiguri e sjell mashtrimi i qeveris\u00eb.<\/p>\n<p>Un\u00eb kam firmosur nj\u00eb pakt me ju n\u00eb nj\u00eb zon\u00eb tjet\u00ebr. Un\u00eb ju jap fjal\u00ebn ju, se do t\u2019i q\u00ebndroj pik\u00eb p\u00ebrpike p\u00ebr \u00e7do shqiptar.<\/p>\n<p>Po t\u00eb shkoni n\u00eb Surrel, gjeni atje nj\u00eb vil\u00eb 57 metra t\u00eb gjata themelet, me nj\u00eb kopsht 830 metra, i t\u00ebri i nd\u00ebrtuar n\u00eb kund\u00ebrshti me ligjet. I legalizuar 100%, dhe k\u00ebto jan\u00eb Sarajet e Edi Ram\u00ebs.<\/p>\n<p>Kurse t\u00eb tjer\u00ebve u thot\u00eb, ato dokumente mbani, por votoni nj\u00ebher\u00eb, pastaj t\u00eb shoh t\u2019i quaj certifikata pron\u00ebsie apo jo. Ua them un\u00eb ju. Q\u00eb t\u00eb gjitha do konsiderohen certifikata pron\u00ebsie dhe ne k\u00ebtu as nuk kemi b\u00ebr\u00eb dhe as nuk do b\u00ebjm\u00eb ndonj\u00ebher\u00eb urbanizim para legalizimit. Do t\u00eb b\u00ebjm\u00eb legalizim para urbanizimit.<\/p>\n<p>Po t\u00eb kthehemi pak pas n\u00eb at\u00eb periudh\u00eb, ne nuk kishim konflikte me qytetar\u00ebt. Jo. Se ne b\u00ebnim legalizim para urbanizimit. Shp\u00ebrblehej, legalizohej, shp\u00ebrblehej me \u00e7mimin e tregut dhe arsyetohej se do vij\u00eb rruga, se do nd\u00ebrtohet shkolla, se do nd\u00ebrtohet kopshti.<\/p>\n<p>U krijua nj\u00ebher\u00eb nj\u00eb konflikt t\u00eb shkolla teknologjike. E pyes ministrin: \u00e7far\u00eb ka ndodhur atje, pse po protestojn\u00eb ata?<\/p>\n<p>Protestojn\u00eb thot\u00eb se, problemi i d\u00ebmshp\u00ebrblimit.<\/p>\n<p>Problemi i d\u00ebmshp\u00ebrblimit \u00ebsht\u00eb \u00e7mim tregu. E kemi parim at\u00eb pun\u00eb, nuk ka pun\u00eb legalizimi.<\/p>\n<p>Ne i quajm\u00eb t\u00eb legalizuar dhe pastaj, i paguajm\u00eb nj\u00ebher\u00eb, pastaj urbanizimi.<\/p>\n<p>Asnj\u00eb sherr, asnj\u00eb konflikt. Kurse k\u00ebta fut buldozer\u00ebt, iu hedhin gaz foshnjave, etj. etj.<\/p>\n<p>K\u00ebto marrin fund!<\/p>\n<p>Do legalizohet \u00e7do sht\u00ebpi para \u00e7do akti urbanizimi.<\/p>\n<p>Pronar\u00ebt, absolutisht do marrin kompensim me \u00e7mim tregu.<\/p>\n<p>I garantoj pronar\u00ebt se marr\u00ebdh\u00ebnia me ta do t\u00eb jet\u00eb nj\u00eb marr\u00ebdh\u00ebnie e ndershme dhe brenda mandatit 2025-2029, do t\u2019i japim p\u00ebrgjigje p\u00ebrfundimtare problemeve dhe detyrimeve q\u00eb rrjedhin nga pron\u00ebsia dhe detyrimeve q\u00eb rrjedhin nga persekutimi politik i shqiptar\u00ebve\u201d, u shpreh Berisha.<\/p>\n","protected":false},"excerpt":{"rendered":"<p>Kryetari i Partis\u00eb Demokratike, Sali Berisha ka premtuar p\u00ebr banor\u00ebt e zon\u00ebs s\u00eb Bregut t\u00eb Lumit se do t\u00eb b\u00ebhen legalizimet, para se t\u00eb nd\u00ebrmerren projekte t\u00eb urbanizimit. Berisha u shpreh se, pronar\u00ebt do t\u00eb kompensohen p\u00ebr \u00e7do met\u00ebr katror\u00eb tok\u00eb, me \u00e7mimet e tregut. \u201cMiq, sot ne kemi zbritur n\u00eb vitin 1960 si frym\u00eb, &hellip;<\/p>\n","protected":false},"author":4,"featured_media":108995,"comment_status":"closed","ping_status":"closed","sticky":false,"template":"","format":"standard","meta":{"footnotes":""},"categories":[37],"tags":[],"class_list":["post-108994","post","type-post","status-publish","format-standard","has-post-thumbnail","","category-politike"],"_links":{"self":[{"href":"https:\/\/rdnews.al\/index.php\/wp-json\/wp\/v2\/posts\/108994","targetHints":{"allow":["GET"]}}],"collection":[{"href":"https:\/\/rdnews.al\/index.php\/wp-json\/wp\/v2\/posts"}],"about":[{"href":"https:\/\/rdnews.al\/index.php\/wp-json\/wp\/v2\/types\/post"}],"author":[{"embeddable":true,"href":"https:\/\/rdnews.al\/index.php\/wp-json\/wp\/v2\/users\/4"}],"replies":[{"embeddable":true,"href":"https:\/\/rdnews.al\/index.php\/wp-json\/wp\/v2\/comments?post=108994"}],"version-history":[{"count":1,"href":"https:\/\/rdnews.al\/index.php\/wp-json\/wp\/v2\/posts\/108994\/revisions"}],"predecessor-version":[{"id":108996,"href":"https:\/\/rdnews.al\/index.php\/wp-json\/wp\/v2\/posts\/108994\/revisions\/108996"}],"wp:featuredmedia":[{"embeddable":true,"href":"https:\/\/rdnews.al\/index.php\/wp-json\/wp\/v2\/media\/108995"}],"wp:attachment":[{"href":"https:\/\/rdnews.al\/index.php\/wp-json\/wp\/v2\/media?parent=108994"}],"wp:term":[{"taxonomy":"category","embeddable":true,"href":"https:\/\/rdnews.al\/index.php\/wp-json\/wp\/v2\/categories?post=108994"},{"taxonomy":"post_tag","embeddable":true,"href":"https:\/\/rdnews.al\/index.php\/wp-json\/wp\/v2\/tags?post=108994"}],"curies":[{"name":"wp","href":"https:\/\/api.w.org\/{rel}","templated":true}]}}