{"id":108998,"date":"2025-04-01T17:12:31","date_gmt":"2025-04-01T17:12:31","guid":{"rendered":"https:\/\/rdnews.al\/?p=108998"},"modified":"2025-04-01T17:12:48","modified_gmt":"2025-04-01T17:12:48","slug":"kellici-berisha-do-te-jete-kryeminister-pas-11-majit-korrupsionin-ia-kemi-lene-rames","status":"publish","type":"post","link":"https:\/\/rdnews.al\/index.php\/2025\/04\/01\/kellici-berisha-do-te-jete-kryeminister-pas-11-majit-korrupsionin-ia-kemi-lene-rames\/","title":{"rendered":"K\u00eblli\u00e7i: Berisha do t\u00eb jet\u00eb kryeminist\u00ebr pas 11 majit, korrupsionin ia kemi l\u00ebn\u00eb Edi Ram\u00ebs"},"content":{"rendered":"<p>Drejtuesi i PD p\u00ebr Qarkun Tiran\u00eb, Belind K\u00eblli\u00e7i deklaroi sot se kreu i Partis\u00eb Demokratike, Sali Berisha do t\u00eb jet\u00eb kryeministri i vendit pas zgjedhjeve 11 majit. K\u00eblli\u00e7i u shpreh se, Edi Rama \u00ebsht\u00eb duke e humbur rrug\u00eb e fitor\u00ebs dhe se k\u00ebt\u00eb e kan\u00eb b\u00ebr\u00eb rezultatet e sondazheve.<\/p>\n<p>I pranish\u00ebm n\u00eb nj\u00eb takim me banor\u00ebt e zon\u00ebs s\u00eb Bregut t\u00eb lumit dhe an\u00ebtar\u00ebt e deg\u00ebs nr. 9 n\u00eb Tiran\u00eb, K\u00eblli\u00e7i tha se PD-ja, korrupsionin ia ka l\u00ebn\u00eb Edi Ram\u00ebs.<\/p>\n<p>K\u00eblli\u00e7i u shpreh se fokusi i PD-s\u00eb jan\u00eb pagat dhe nevojat e qytetar\u00ebve.<\/p>\n<p>K\u00eblli\u00e7i shprehu bindjen se PD-ja do t\u00eb mbaj\u00eb premtimet ndaj t\u00eb gjith\u00eb politikan\u00ebve q\u00eb kan\u00eb shkelur mbi mundin e qytetar\u00ebve.<\/p>\n<p>\u201cBerisha kur e jep fjal\u00ebn, ai e mban. Edi Rama e ka humbur. Drejt asaj rrug\u00eb \u00ebsht\u00eb.<\/p>\n<p>K\u00ebt\u00eb e kan\u00eb b\u00ebr\u00eb sondazhet. Dhe do ta shohim n\u00eb 11 maj.<\/p>\n<p>\u00c7do dit\u00eb e heq diskutimin nga programi.<\/p>\n<p>Ne jemi k\u00ebtu p\u00ebr t\u00eb folur p\u00ebr pagat dhe nevojat e qytetar\u00ebve.<\/p>\n<p>Korrupsionin ia kemi l\u00ebn\u00eb Edi Ram\u00ebs.<\/p>\n<p>Ju garantojm\u00eb se \u00e7do shqet\u00ebsim i juaji do t\u00eb jet\u00eb pjes\u00eb e nj\u00eb task force.<\/p>\n<p>Sali Berisha do t\u00eb jet\u00eb kryeministri yn\u00eb pas dat\u00ebs 11 maj.<\/p>\n<p>Bashk\u00eb me premtimet tona do t\u00eb \u00e7ojm\u00eb para ligjit t\u00eb gjith\u00eb ata q\u00eb kan\u00eb shkelur mundin dhe djers\u00ebn tuaj\u201d, tha K\u00eblli\u00e7i.<\/p>\n","protected":false},"excerpt":{"rendered":"<p>Drejtuesi i PD p\u00ebr Qarkun Tiran\u00eb, Belind K\u00eblli\u00e7i deklaroi sot se kreu i Partis\u00eb Demokratike, Sali Berisha do t\u00eb jet\u00eb kryeministri i vendit pas zgjedhjeve 11 majit. K\u00eblli\u00e7i u shpreh se, Edi Rama \u00ebsht\u00eb duke e humbur rrug\u00eb e fitor\u00ebs dhe se k\u00ebt\u00eb e kan\u00eb b\u00ebr\u00eb rezultatet e sondazheve. I pranish\u00ebm n\u00eb nj\u00eb takim me &hellip;<\/p>\n","protected":false},"author":4,"featured_media":108999,"comment_status":"closed","ping_status":"closed","sticky":false,"template":"","format":"standard","meta":{"footnotes":""},"categories":[37],"tags":[],"class_list":["post-108998","post","type-post","status-publish","format-standard","has-post-thumbnail","","category-politike"],"_links":{"self":[{"href":"https:\/\/rdnews.al\/index.php\/wp-json\/wp\/v2\/posts\/108998","targetHints":{"allow":["GET"]}}],"collection":[{"href":"https:\/\/rdnews.al\/index.php\/wp-json\/wp\/v2\/posts"}],"about":[{"href":"https:\/\/rdnews.al\/index.php\/wp-json\/wp\/v2\/types\/post"}],"author":[{"embeddable":true,"href":"https:\/\/rdnews.al\/index.php\/wp-json\/wp\/v2\/users\/4"}],"replies":[{"embeddable":true,"href":"https:\/\/rdnews.al\/index.php\/wp-json\/wp\/v2\/comments?post=108998"}],"version-history":[{"count":2,"href":"https:\/\/rdnews.al\/index.php\/wp-json\/wp\/v2\/posts\/108998\/revisions"}],"predecessor-version":[{"id":109001,"href":"https:\/\/rdnews.al\/index.php\/wp-json\/wp\/v2\/posts\/108998\/revisions\/109001"}],"wp:featuredmedia":[{"embeddable":true,"href":"https:\/\/rdnews.al\/index.php\/wp-json\/wp\/v2\/media\/108999"}],"wp:attachment":[{"href":"https:\/\/rdnews.al\/index.php\/wp-json\/wp\/v2\/media?parent=108998"}],"wp:term":[{"taxonomy":"category","embeddable":true,"href":"https:\/\/rdnews.al\/index.php\/wp-json\/wp\/v2\/categories?post=108998"},{"taxonomy":"post_tag","embeddable":true,"href":"https:\/\/rdnews.al\/index.php\/wp-json\/wp\/v2\/tags?post=108998"}],"curies":[{"name":"wp","href":"https:\/\/api.w.org\/{rel}","templated":true}]}}