{"id":109005,"date":"2025-04-01T17:25:45","date_gmt":"2025-04-01T17:25:45","guid":{"rendered":"https:\/\/rdnews.al\/?p=109005"},"modified":"2025-04-01T17:37:46","modified_gmt":"2025-04-01T17:37:46","slug":"berisha-demokrateve-jeni-1-shat-e-shqiperise-kandidatet-kane-nje-detyrim-madhor-te-paraqesin-projektin-tone","status":"publish","type":"post","link":"https:\/\/rdnews.al\/index.php\/2025\/04\/01\/berisha-demokrateve-jeni-1-shat-e-shqiperise-kandidatet-kane-nje-detyrim-madhor-te-paraqesin-projektin-tone\/","title":{"rendered":"Berisha-demokrat\u00ebve: Jeni 1-shat e Shqip\u00ebris\u00eb! Kandidat\u00ebt kan\u00eb nj\u00eb detyrim madhor, t\u00eb paraqesin projektin ton\u00eb"},"content":{"rendered":"<p>Kryetari i PD, Sali Berisha q\u00eb n\u00eb nisje t\u00eb fjal\u00ebs s\u00eb tij n\u00eb takimin me t\u00eb deleguarit politik dhe kryetar\u00ebt e deg\u00ebve t\u00eb Partis\u00eb Demokratike, u shpreh se, demokrat\u00ebt jan\u00eb 1-shat e Shqip\u00ebris\u00eb.<\/p>\n<p>Berisha theksoi se, kandidat\u00ebt e PD dhe Aleanca p\u00ebr Shqip\u00ebrin\u00eb Madh\u00ebshtore e kan\u00eb p\u00ebr detyrim paraqitjen e projektit\/programit t\u00eb realizuar n\u00eb bashk\u00ebpunim me ekspertizat m\u00eb t\u00eb mira t\u00eb Amerik\u00ebs dhe Gjermanis\u00eb.<\/p>\n<p>\u201cMir\u00ebmbr\u00ebma dhe nj\u00eb p\u00ebrsh\u00ebndetje t\u00eb p\u00ebrzem\u00ebrt ju, t\u00eb gjith\u00eb demokrateve dhe demokrat\u00ebve, njishave t\u00eb Shqip\u00ebris\u00eb.<\/p>\n<p>N\u00eb \u00e7do interpretim, nga lasht\u00ebsia gjer n\u00eb dit\u00ebt e sotme, njishi del supernumri, supernjeriu, superfenomeni.<\/p>\n<p>Numri i diellit, numri i bashkimit t\u00eb jet\u00ebs, t\u00eb tjerat po ia l\u00ebm\u00eb let\u00ebrsis\u00eb, mitologjis\u00eb.<\/p>\n<p>Duhet t\u00eb fal\u00ebnderoj shum\u00eb ju p\u00ebr pun\u00ebn q\u00eb keni b\u00ebr\u00eb dhe po b\u00ebni, t\u00eb fal\u00ebnderoj demokratet, demokrat\u00ebt p\u00ebr angazhimin e tyre t\u00eb fuqish\u00ebm n\u00eb k\u00ebt\u00eb betej\u00eb jasht\u00ebzakonisht t\u00eb r\u00ebnd\u00ebsishme p\u00ebr t\u00eb fituar zemrat dhe mendjet e qytetar\u00ebve shqiptar\u00eb, p\u00ebr nd\u00ebrgjegj\u00ebsimin e tyre n\u00eb r\u00ebnd\u00ebsin\u00eb vendimtare t\u00eb 11 majit.<\/p>\n<p>Kjo klim\u00eb optimizmi \u00ebsht\u00eb nj\u00eb terren do t\u00eb thosha shum\u00eb i favorsh\u00ebm n\u00eb m\u00ebnyr\u00eb q\u00eb oferta jon\u00eb, ofert\u00eb absolutisht reale n\u00eb \u00e7do premtim t\u00eb sajin, t\u00eb p\u00ebrqafohet, t\u00eb b\u00ebhet pjes\u00eb e nd\u00ebrgjegjes s\u00eb qytetar\u00ebve shqiptar\u00eb, mjet i tyre n\u00eb k\u00ebt\u00eb betej\u00eb.<\/p>\n<p>Sot, n\u00eb mbar\u00eb Shqip\u00ebrin\u00eb, rivalizojn\u00eb propaganda e mashtrimeve me premtime t\u00eb v\u00ebrteta, me nj\u00eb projekt real q\u00eb Shqip\u00ebria nuk e ka njohur kurr\u00eb m\u00eb par\u00eb.<\/p>\n<p>Ky projekt i Shqip\u00ebris\u00eb Madh\u00ebshtore ka dimensionin e tij nd\u00ebr m\u00eb kryesor\u00ebt realitetin. Ky \u00ebsht\u00eb nj\u00eb projekt i cili n\u00eb \u00e7do zotim t\u00eb tij \u00ebsht\u00eb 100 p\u00ebrqind i realizuesh\u00ebm.<\/p>\n<p>Ky projekt paraqitet para shqiptar\u00ebve nga misionar\u00eb t\u00eb v\u00ebrtet\u00eb.<\/p>\n<p>Kandidat\u00ebt tan\u00eb p\u00ebr deputet jan\u00eb n\u00eb nj\u00eb mision s\u00eb bashku me stafet e tyre, s\u00eb bashku me demokrat\u00ebt p\u00ebr t\u00eb nd\u00ebrgjegj\u00ebsuar \u00e7do qytetar p\u00ebr r\u00ebnd\u00ebsin\u00eb e madhe q\u00eb ka ndryshimi me 11 maj p\u00ebr fuqin\u00eb e madhe transformuese q\u00eb ka ky projekt.<\/p>\n<p>E them edhe nj\u00ebher\u00eb, projekt q\u00eb nuk \u00ebsht\u00eb paraqitur kurr\u00eb m\u00eb par\u00eb n\u00eb k\u00ebto p\u00ebrmasa.<\/p>\n<p>T\u00eb tjerat kan\u00eb qen\u00eb vegime t\u00eb tij krahasuar me k\u00ebt\u00eb t\u00eb sotmin.<\/p>\n<p>T\u00eb m\u00ebparshmet jan\u00eb vet\u00ebm nj\u00eb trash\u00ebgimi, jan\u00eb nj\u00eb eksperienc\u00eb q\u00eb na sh\u00ebrben p\u00ebr k\u00ebt\u00eb q\u00eb kemi projektuar.<\/p>\n<p>Dhe \u00ebsht\u00eb programi q\u00eb ka pasur mb\u00ebshtetjen dhe ndihm\u00ebn e madhe t\u00eb dy fondacioneve m\u00eb prestigjioze t\u00eb konservatorizmit n\u00eb bot\u00eb, fondacionit Heritage dhe fondacionit Adenauer.<\/p>\n<p>Pra, ne kemi nj\u00eb avantazh t\u00eb madh n\u00eb k\u00ebto zgjedhje sepse ne shkojm\u00eb me nj\u00eb projekt shum\u00eb t\u00eb qart\u00eb, me nj\u00eb \u00ebnd\u00ebrr dite shum\u00eb t\u00eb bukur p\u00ebr Shqip\u00ebrin\u00eb dhe shqiptar\u00ebt.<\/p>\n<p>Natyrisht kjo k\u00ebrkon takimet m\u00eb intensive q\u00eb keni zhvilluar n\u00eb jet\u00ebn tuaj.<\/p>\n<p>M\u00eb t\u00eb shumta tuajat dhe t\u00eb shtabeve tuaj, t\u00eb bashk\u00ebpun\u00ebtor\u00ebve tuaj me qytetar\u00ebt.<\/p>\n<p>N\u00eb k\u00ebt\u00eb gar\u00eb, vet\u00ebkuptohet \u00e7do kandidat do k\u00ebrkoj\u00eb vot\u00ebn dhe kjo \u00ebsht\u00eb normale.<\/p>\n<p>Por t\u00eb gjith\u00eb kandidat\u00ebt kan\u00eb nj\u00eb detyrim madhor, nj\u00eb mision madhor, paraqitjen e projektit.<\/p>\n<p>Dhe mbi baz\u00ebn e k\u00ebsaj paraqitje, k\u00ebrkes\u00ebn e tyre p\u00ebr votimin p\u00ebr PD dhe Aleanc\u00ebn p\u00ebr Shqip\u00ebrin\u00eb Madh\u00ebshtore si kushti i t\u00eb gjitha kushteve q\u00eb ky projekt t\u00eb realizohet\u201d, u shpreh Berisha.<\/p>\n","protected":false},"excerpt":{"rendered":"<p>Kryetari i PD, Sali Berisha q\u00eb n\u00eb nisje t\u00eb fjal\u00ebs s\u00eb tij n\u00eb takimin me t\u00eb deleguarit politik dhe kryetar\u00ebt e deg\u00ebve t\u00eb Partis\u00eb Demokratike, u shpreh se, demokrat\u00ebt jan\u00eb 1-shat e Shqip\u00ebris\u00eb. Berisha theksoi se, kandidat\u00ebt e PD dhe Aleanca p\u00ebr Shqip\u00ebrin\u00eb Madh\u00ebshtore e kan\u00eb p\u00ebr detyrim paraqitjen e projektit\/programit t\u00eb realizuar n\u00eb bashk\u00ebpunim &hellip;<\/p>\n","protected":false},"author":4,"featured_media":109013,"comment_status":"closed","ping_status":"closed","sticky":false,"template":"","format":"standard","meta":{"footnotes":""},"categories":[37],"tags":[],"class_list":["post-109005","post","type-post","status-publish","format-standard","has-post-thumbnail","","category-politike"],"_links":{"self":[{"href":"https:\/\/rdnews.al\/index.php\/wp-json\/wp\/v2\/posts\/109005","targetHints":{"allow":["GET"]}}],"collection":[{"href":"https:\/\/rdnews.al\/index.php\/wp-json\/wp\/v2\/posts"}],"about":[{"href":"https:\/\/rdnews.al\/index.php\/wp-json\/wp\/v2\/types\/post"}],"author":[{"embeddable":true,"href":"https:\/\/rdnews.al\/index.php\/wp-json\/wp\/v2\/users\/4"}],"replies":[{"embeddable":true,"href":"https:\/\/rdnews.al\/index.php\/wp-json\/wp\/v2\/comments?post=109005"}],"version-history":[{"count":1,"href":"https:\/\/rdnews.al\/index.php\/wp-json\/wp\/v2\/posts\/109005\/revisions"}],"predecessor-version":[{"id":109007,"href":"https:\/\/rdnews.al\/index.php\/wp-json\/wp\/v2\/posts\/109005\/revisions\/109007"}],"wp:featuredmedia":[{"embeddable":true,"href":"https:\/\/rdnews.al\/index.php\/wp-json\/wp\/v2\/media\/109013"}],"wp:attachment":[{"href":"https:\/\/rdnews.al\/index.php\/wp-json\/wp\/v2\/media?parent=109005"}],"wp:term":[{"taxonomy":"category","embeddable":true,"href":"https:\/\/rdnews.al\/index.php\/wp-json\/wp\/v2\/categories?post=109005"},{"taxonomy":"post_tag","embeddable":true,"href":"https:\/\/rdnews.al\/index.php\/wp-json\/wp\/v2\/tags?post=109005"}],"curies":[{"name":"wp","href":"https:\/\/api.w.org\/{rel}","templated":true}]}}