{"id":109035,"date":"2025-04-01T18:57:52","date_gmt":"2025-04-01T18:57:52","guid":{"rendered":"https:\/\/rdnews.al\/?p=109035"},"modified":"2025-04-01T18:57:52","modified_gmt":"2025-04-01T18:57:52","slug":"vokshi-dhuna-ndaj-grave-nuk-do-te-tolerohet-do-te-luftohet-me-denime-te-ashpra","status":"publish","type":"post","link":"https:\/\/rdnews.al\/index.php\/2025\/04\/01\/vokshi-dhuna-ndaj-grave-nuk-do-te-tolerohet-do-te-luftohet-me-denime-te-ashpra\/","title":{"rendered":"Vokshi: Dhuna ndaj grave nuk do t\u00eb tolerohet, do t\u00eb luftohet me d\u00ebnime t\u00eb ashpra!"},"content":{"rendered":"<p>Kryetarja e Lidhjes Demokratike t\u00eb Gruas, Albana Vokshi, ka shprehur shqet\u00ebsimin e saj lidhur me rritjen e rasteve t\u00eb dhun\u00ebs ndaj grave n\u00eb Shqip\u00ebri.<\/p>\n<p>N\u00eb nj\u00eb postim n\u00eb rrjetet sociale, ajo theksoi nj\u00eb rast tragjik t\u00eb dhun\u00ebs, ku nj\u00eb grua u plagos nga bashk\u00ebshorti i saj me thik\u00eb, duke e quajtur k\u00ebt\u00eb krim nj\u00eb pasqyr\u00eb t\u00eb thell\u00eb t\u00eb problemit t\u00eb dhun\u00ebs n\u00eb shoq\u00ebrin\u00eb shqiptare. Vokshi ngriti pyetjen: \u201cDerisa kur?\u201d dhe k\u00ebrkoi q\u00eb shteti t\u00eb veproj\u00eb seriozisht p\u00ebr t\u00eb mbrojtur grat\u00eb.<\/p>\n<p><strong>Postimi <\/strong><\/p>\n<p>T\u00eb paprekshme: Partia Demokratike do t\u00eb mbroj\u00eb n\u00ebnat, motrat dhe vajzat tona!<\/p>\n<p>N\u00eb Shqip\u00ebri po p\u00ebrballemi vazhdimisht me raste tragjike t\u00eb dhun\u00ebs ndaj grave. S\u00eb fundmi, nj\u00eb grua u plagos p\u00ebrs\u00ebri nga bashk\u00ebshorti i saj me thik\u00eb \u2013 nj\u00eb krim trondit\u00ebs q\u00eb tregon sa thell\u00eb \u00ebsht\u00eb rr\u00ebnjosur ky problem n\u00eb shoq\u00ebrin\u00eb ton\u00eb. Pyetja \u00ebsht\u00eb: Deri kur?<\/p>\n<p>Sa viktima t\u00eb tjera duhet t\u00eb vuajn\u00eb para se shteti t\u00eb veproj\u00eb seriozisht?<br \/>\nPse dhunuesit shpesh mbeten t\u00eb pand\u00ebshkuar, nd\u00ebrsa grat\u00eb jetojn\u00eb n\u00eb frik\u00eb?<\/p>\n<p>Partia Demokratike, n\u00ebn drejtimin e Dr. Sali Berish\u00ebs, do t\u00eb vendos\u00eb nj\u00eb vij\u00eb t\u00eb qart\u00eb! N\u00ebnat, motrat, vajzat dhe bashk\u00ebshortet tona nuk jan\u00eb viktima t\u00eb d\u00ebnuara t\u00eb dhun\u00ebs \u2013 ato jan\u00eb t\u00eb paprekshme!<\/p>\n<p><strong>Ne do t\u00eb luftojm\u00eb me gjith\u00eb forc\u00ebn ton\u00eb p\u00ebr sigurin\u00eb e tyre:<\/strong><br \/>\nD\u00ebnime m\u00eb t\u00eb ashpra p\u00ebr autor\u00ebt e dhun\u00ebs \u2013 zero toleranc\u00eb ndaj dhun\u00ebs ndaj grave!<br \/>\nMasa t\u00eb menj\u00ebhershme mbrojt\u00ebse p\u00ebr grat\u00eb e k\u00ebrc\u00ebnuara, pa burokraci dhe vonesa!<br \/>\nMb\u00ebshtetje reale p\u00ebr qendrat e strehimit dhe organizatat q\u00eb ndihmojn\u00eb grat\u00eb, jo thjesht premtime boshe!<\/p>\n<p>Grat\u00eb jan\u00eb shtylla kurrizore e shoq\u00ebris\u00eb son\u00eb. Nj\u00eb qeveri q\u00eb nuk i mbron ato, ka d\u00ebshtuar! Partia Demokratike do ta \u00e7oj\u00eb k\u00ebt\u00eb betej\u00eb deri n\u00eb fund \u2013 n\u00eb em\u00ebr t\u00eb \u00e7do gruaje q\u00eb jeton n\u00eb frik\u00eb dhe n\u00eb em\u00ebr t\u00eb nj\u00eb Shqip\u00ebrie t\u00eb drejt\u00eb dhe t\u00eb sigurt!<\/p>\n","protected":false},"excerpt":{"rendered":"<p>Kryetarja e Lidhjes Demokratike t\u00eb Gruas, Albana Vokshi, ka shprehur shqet\u00ebsimin e saj lidhur me rritjen e rasteve t\u00eb dhun\u00ebs ndaj grave n\u00eb Shqip\u00ebri. N\u00eb nj\u00eb postim n\u00eb rrjetet sociale, ajo theksoi nj\u00eb rast tragjik t\u00eb dhun\u00ebs, ku nj\u00eb grua u plagos nga bashk\u00ebshorti i saj me thik\u00eb, duke e quajtur k\u00ebt\u00eb krim nj\u00eb pasqyr\u00eb &hellip;<\/p>\n","protected":false},"author":4,"featured_media":106786,"comment_status":"closed","ping_status":"closed","sticky":false,"template":"","format":"standard","meta":{"footnotes":""},"categories":[37],"tags":[],"class_list":["post-109035","post","type-post","status-publish","format-standard","has-post-thumbnail","","category-politike"],"_links":{"self":[{"href":"https:\/\/rdnews.al\/index.php\/wp-json\/wp\/v2\/posts\/109035","targetHints":{"allow":["GET"]}}],"collection":[{"href":"https:\/\/rdnews.al\/index.php\/wp-json\/wp\/v2\/posts"}],"about":[{"href":"https:\/\/rdnews.al\/index.php\/wp-json\/wp\/v2\/types\/post"}],"author":[{"embeddable":true,"href":"https:\/\/rdnews.al\/index.php\/wp-json\/wp\/v2\/users\/4"}],"replies":[{"embeddable":true,"href":"https:\/\/rdnews.al\/index.php\/wp-json\/wp\/v2\/comments?post=109035"}],"version-history":[{"count":1,"href":"https:\/\/rdnews.al\/index.php\/wp-json\/wp\/v2\/posts\/109035\/revisions"}],"predecessor-version":[{"id":109036,"href":"https:\/\/rdnews.al\/index.php\/wp-json\/wp\/v2\/posts\/109035\/revisions\/109036"}],"wp:featuredmedia":[{"embeddable":true,"href":"https:\/\/rdnews.al\/index.php\/wp-json\/wp\/v2\/media\/106786"}],"wp:attachment":[{"href":"https:\/\/rdnews.al\/index.php\/wp-json\/wp\/v2\/media?parent=109035"}],"wp:term":[{"taxonomy":"category","embeddable":true,"href":"https:\/\/rdnews.al\/index.php\/wp-json\/wp\/v2\/categories?post=109035"},{"taxonomy":"post_tag","embeddable":true,"href":"https:\/\/rdnews.al\/index.php\/wp-json\/wp\/v2\/tags?post=109035"}],"curies":[{"name":"wp","href":"https:\/\/api.w.org\/{rel}","templated":true}]}}