{"id":109037,"date":"2025-04-01T19:35:47","date_gmt":"2025-04-01T19:35:47","guid":{"rendered":"https:\/\/rdnews.al\/?p=109037"},"modified":"2025-04-01T20:40:07","modified_gmt":"2025-04-01T20:40:07","slug":"merret-vendimi-per-olta-xhacken","status":"publish","type":"post","link":"https:\/\/rdnews.al\/index.php\/2025\/04\/01\/merret-vendimi-per-olta-xhacken\/","title":{"rendered":"Merret vendimi p\u00ebr Olta Xha\u00e7k\u00ebn"},"content":{"rendered":"<p>Gjykata e Posa\u00e7me ka pranuar ankimin e b\u00ebr\u00eb nga eurodeputeti Fredi Beleri, duke urdh\u00ebruar SPAK q\u00eb t\u00eb regjistroj\u00eb kall\u00ebzimin penal ndaj Olta Xha\u00e7k\u00ebs dhe bashk\u00ebshortit t\u00eb saj, Artan Ga\u00e7i, p\u00ebr akuzat e shp\u00ebrdorimit t\u00eb detyr\u00ebs, falsifikimit t\u00eb dokumenteve dhe pastrimit t\u00eb produkteve t\u00eb vepr\u00ebs penale t\u00eb kryer n\u00eb bashk\u00ebpunim.<\/p>\n<p>Vendimi \u00ebsht\u00eb marr\u00eb nga gjyqtarja Flora Hajredinaj.<\/p>\n<p><img decoding=\"async\" src=\"https:\/\/media.tpz.al\/tpz.al\/media3\/-640-0-vendimi-gjkko-xhacka-1-651.jpg\" alt=\"GJKKO urdh\u00ebron SPAK: Regjistroni kall\u00ebzimin penal ndaj Olta\" width=\"100%\" data-size=\"x\" data-id=\"439755\" \/><\/p>\n<p><img decoding=\"async\" src=\"https:\/\/media.tpz.al\/tpz.al\/media3\/-640-0-vendimi-gjkko-xhacka-3-494.jpg\" alt=\"GJKKO urdh\u00ebron SPAK: Regjistroni kall\u00ebzimin penal ndaj Olta\" width=\"100%\" data-size=\"x\" data-id=\"439754\" \/><\/p>\n<p><img decoding=\"async\" src=\"https:\/\/media.tpz.al\/tpz.al\/media3\/-640-0-vendimi-gjkko-xhacka-2-719.jpg\" alt=\"GJKKO urdh\u00ebron SPAK: Regjistroni kall\u00ebzimin penal ndaj Olta\" width=\"100%\" data-size=\"x\" data-id=\"439753\" \/><\/p>\n<p>\u201cGjykata \u00e7mon se kall\u00ebzimi i shtetasit Alfred Beleri p\u00ebr shtetasit Artan Ga\u00e7i, p\u00ebr kryerjen e vepr\u00ebs penale \u2018Falsifikimi i dokumenteve\u2019 dhe \u2018Pastrimi i produkteve t\u00eb vepr\u00ebs penale\u2019 kryer n\u00eb bashk\u00ebpunim t\u00eb parashikuar nga nenet 186 dhe 287 t\u00eb Kodit Penal dhe Olta Xha\u00e7ka, aktualisht Ministre e Pun\u00ebve t\u00eb Jashtme, deputete, p\u00ebr kryerjen e vepr\u00ebs penale \u2018Shp\u00ebrdorimi i detyr\u00ebs\u2019 i parashikuar nga neni 248 i Kodit Penal, nuk ka nj\u00eb vendimmarrje, dhe se ankimi i paraqitur nga shtetasi Dhionisis Alfred Beleri, p\u00ebr k\u00ebt\u00eb pjes\u00eb t\u00eb kall\u00ebzimit, \u00ebsht\u00eb i bazuar n\u00eb ligj.<\/p>\n<p>N\u00eb rastin konkret, Prokuroria e Posa\u00e7me duhet t\u00eb regjistroj\u00eb procedim penal dhe t\u00eb vazhdoj\u00eb hetimet, mbi parashtrimet n\u00eb kall\u00ebzimin e regjistruar me nr. 81\/2023 se ish-Kryetari i Bashkis\u00eb s\u00eb Himar\u00ebs, Jorgo Goro, K\u00ebshilli i Qarkut Vlor\u00eb dhe ish-punonj\u00ebsit e ZVRPP Vlor\u00eb, n\u00eb bashk\u00ebpunim me nj\u00ebri-tjetrin, kan\u00eb kryer veprime n\u00eb lidhje me falsifikimin e dokumenteve zyrtar\u00eb, t\u00eb cilat jan\u00eb p\u00ebrdorur p\u00ebr regjistrimin e nj\u00eb pasurie t\u00eb paluajtshme n\u00eb pron\u00ebsi t\u00eb subjektit Foto M\u00ebhilli, dhe kjo pasuri \u00ebsht\u00eb tjet\u00ebrsuar n\u00eb favor t\u00eb t\u00eb tret\u00ebve, konkretisht t\u00eb familjar\u00ebve t\u00eb t\u00eb kall\u00ebzuar\u00ebs Olta Xha\u00e7ka, e cila n\u00eb koh\u00ebn e marrjes s\u00eb k\u00ebtyre vendimeve nga K\u00ebshilli i Ministrave, ka ushtruar detyr\u00ebn shtet\u00ebrore t\u00eb Ministres s\u00eb Mbrojtjes n\u00eb at\u00eb koh\u00eb, dhe funksionin politik t\u00eb deputetes.<\/p>\n<p>Shtetasja Olta Xha\u00e7ka, me mosveprimet e saj, duke mos deklaruar konfliktin e interesit, ka p\u00ebrfituar n\u00ebp\u00ebrmjet regjimit martesor, t\u00eb drejta pasurore dhe p\u00ebrfitime t\u00eb paligjshme, q\u00eb sipas ligjit p\u00ebr investitor\u00ebt strategjik\u00eb si dhe ligjin p\u00ebr konfliktin e interesit, nuk i takojn\u00eb. Kjo shtetase, n\u00ebp\u00ebrmjet investimit strategjik n\u00eb nj\u00eb pron\u00eb t\u00eb falsifikuar, ka p\u00ebrfituar t\u00eb drejt\u00ebn e p\u00ebrdorimit falas t\u00eb pasurive shtet\u00ebrore p\u00ebr t\u00eb cil\u00ebn shtetas t\u00eb zakonsh\u00ebm paguajn\u00eb detyrimet tatimore, etj\u201d,\u00a0thuhet n\u00eb vendim.<\/p>\n","protected":false},"excerpt":{"rendered":"<p>Gjykata e Posa\u00e7me ka pranuar ankimin e b\u00ebr\u00eb nga eurodeputeti Fredi Beleri, duke urdh\u00ebruar SPAK q\u00eb t\u00eb regjistroj\u00eb kall\u00ebzimin penal ndaj Olta Xha\u00e7k\u00ebs dhe bashk\u00ebshortit t\u00eb saj, Artan Ga\u00e7i, p\u00ebr akuzat e shp\u00ebrdorimit t\u00eb detyr\u00ebs, falsifikimit t\u00eb dokumenteve dhe pastrimit t\u00eb produkteve t\u00eb vepr\u00ebs penale t\u00eb kryer n\u00eb bashk\u00ebpunim. Vendimi \u00ebsht\u00eb marr\u00eb nga gjyqtarja Flora &hellip;<\/p>\n","protected":false},"author":3,"featured_media":76312,"comment_status":"closed","ping_status":"closed","sticky":false,"template":"","format":"standard","meta":{"footnotes":""},"categories":[40],"tags":[],"class_list":["post-109037","post","type-post","status-publish","format-standard","has-post-thumbnail","","category-aktualitet"],"_links":{"self":[{"href":"https:\/\/rdnews.al\/index.php\/wp-json\/wp\/v2\/posts\/109037","targetHints":{"allow":["GET"]}}],"collection":[{"href":"https:\/\/rdnews.al\/index.php\/wp-json\/wp\/v2\/posts"}],"about":[{"href":"https:\/\/rdnews.al\/index.php\/wp-json\/wp\/v2\/types\/post"}],"author":[{"embeddable":true,"href":"https:\/\/rdnews.al\/index.php\/wp-json\/wp\/v2\/users\/3"}],"replies":[{"embeddable":true,"href":"https:\/\/rdnews.al\/index.php\/wp-json\/wp\/v2\/comments?post=109037"}],"version-history":[{"count":1,"href":"https:\/\/rdnews.al\/index.php\/wp-json\/wp\/v2\/posts\/109037\/revisions"}],"predecessor-version":[{"id":109038,"href":"https:\/\/rdnews.al\/index.php\/wp-json\/wp\/v2\/posts\/109037\/revisions\/109038"}],"wp:featuredmedia":[{"embeddable":true,"href":"https:\/\/rdnews.al\/index.php\/wp-json\/wp\/v2\/media\/76312"}],"wp:attachment":[{"href":"https:\/\/rdnews.al\/index.php\/wp-json\/wp\/v2\/media?parent=109037"}],"wp:term":[{"taxonomy":"category","embeddable":true,"href":"https:\/\/rdnews.al\/index.php\/wp-json\/wp\/v2\/categories?post=109037"},{"taxonomy":"post_tag","embeddable":true,"href":"https:\/\/rdnews.al\/index.php\/wp-json\/wp\/v2\/tags?post=109037"}],"curies":[{"name":"wp","href":"https:\/\/api.w.org\/{rel}","templated":true}]}}