{"id":109042,"date":"2025-04-01T20:11:06","date_gmt":"2025-04-01T20:11:06","guid":{"rendered":"https:\/\/rdnews.al\/?p=109042"},"modified":"2025-04-01T20:11:24","modified_gmt":"2025-04-01T20:11:24","slug":"thirrja-e-berishes-le-ti-ndezim-rrjetet-sociale-si-asnjehere-tjeter-donald-trump-fitoi-nga-mediat-sociale","status":"publish","type":"post","link":"https:\/\/rdnews.al\/index.php\/2025\/04\/01\/thirrja-e-berishes-le-ti-ndezim-rrjetet-sociale-si-asnjehere-tjeter-donald-trump-fitoi-nga-mediat-sociale\/","title":{"rendered":"Thirrja e Berish\u00ebs: Le t\u2019i ndezim rrjetet sociale si asnj\u00ebher\u00eb tjet\u00ebr! Donald Trump fitoi nga mediat sociale"},"content":{"rendered":"<p>Kryetari i PD, Sali Berisha, zhvilloi nj\u00eb takim me kandidat\u00ebt p\u00ebr deputet\u00eb t\u00eb Aleanc\u00ebs Shqip\u00ebria Madh\u00ebshtore n\u00eb Qarkun e Tiran\u00ebs. Ai u shpreh se shumica e mediave jan\u00eb n\u00ebn kontrollin e qeveris\u00eb dhe nuk i japin hap\u00ebsir\u00eb opozit\u00ebs p\u00ebr t\u00eb prezantuar programin e saj. Berisha theksoi r\u00ebnd\u00ebsin\u00eb e p\u00ebrdorimit t\u00eb rrjeteve sociale p\u00ebr t\u00eb p\u00ebrhapur mesazhet e fushat\u00ebs.<br \/>\nAi i nxiti kandidat\u00ebt dhe mb\u00ebshtet\u00ebsit q\u00eb t\u00eb ndajn\u00eb dhe promovojn\u00eb p\u00ebrmbajtjet e tyre n\u00eb platforma si Facebook, Instagram dhe TikTok. Sipas tij, TikToku \u00ebsht\u00eb nj\u00eb platform\u00eb q\u00eb ka shqet\u00ebsuar qeverin\u00eb, ndaj opozita duhet ta shfryt\u00ebzoj\u00eb maksimalisht.<br \/>\n\u201cJu t\u00eb gjith\u00eb jeni njer\u00ebz mediatik\u00eb, por problemi \u00ebsht\u00eb se mediat nuk i kemi me vete, kjo \u00ebsht\u00eb e v\u00ebrteta.<br \/>\nMediat jan\u00eb n\u00eb mas\u00ebn m\u00eb t\u00eb madhe t\u00eb kontrolluara nga qeveria.<br \/>\nQeveria jo vet\u00ebm q\u00eb n\u00eb t\u00ebr\u00ebsi ua dikton politikat editoriale, por qeveria p\u00ebr fat t\u00eb keq u dikton edhe tematikat se si t\u00eb vrasin koh\u00ebn n\u00ebp\u00ebr studio dhe t\u00eb mos merren me thelbin.<br \/>\nPo ta vini re ju, koh\u00ebn m\u00eb t\u00eb pak\u00ebt q\u00eb t\u00eb japin n\u00eb studio, \u00ebsht\u00eb koha p\u00ebr programin.<br \/>\nPo ne programin kemi, ne aty shkojm\u00eb p\u00ebr programin se jemi n\u00eb fushat\u00eb.<br \/>\nAt\u00ebher\u00eb \u00e7far\u00eb na mbetet ne? Na mbeten mediat sociale.<br \/>\nJu t\u00eb gjith\u00eb keni mediat sociale dhe ju do b\u00ebni gjith\u00e7ka t\u2019i p\u00ebrdorni ato n\u00eb shkall\u00ebn m\u00eb maksimale.<br \/>\nDhe kur i p\u00ebrdorni vet\u00eb, u k\u00ebrkoni t\u00eb gjith\u00eb bashk\u00ebpun\u00ebtor\u00ebve tuaj t\u00eb b\u00ebjn\u00eb share, t\u2019i postojn\u00eb.<br \/>\nMe nj\u00eb fjal\u00eb, le t\u2019i ndezim ne mediat sociale si asnj\u00ebher\u00eb tjet\u00ebr.<br \/>\nN\u00eb vitin 2016, Donald Trump fitoi nga mediat sociale. \u00cbsht\u00eb shum\u00eb e njohur kjo. Ai fitoi se nuk i kishte mediat me vete, megjith\u00ebse vet\u00eb ka qen\u00eb n\u00eb shoubiz, ka pasur program, por prap\u00eb mediat i kontrollonte tjet\u00ebr kush. P\u00ebrdori shum\u00eb mediat sociale.<br \/>\nNe t\u00eb kombinojm\u00eb k\u00ebto faktor\u00eb, mediat sociale dhe takimin, t\u00eb dyja n\u00eb krahasim me krahun tjet\u00ebr q\u00eb \u00ebsht\u00eb nj\u00eb krah m\u00ebkatar, i p\u00ebr\u00e7ar\u00eb, q\u00eb duhet t\u2019i nxjerrin syt\u00eb nj\u00ebri-tjetrit.<br \/>\nNdaj dhe t\u00eb b\u00ebjm\u00eb \u00e7\u2019\u00ebsht\u00eb e mundur p\u00ebr p\u00ebrdorimin maksimal.<br \/>\nShkarkoni VPN-t\u00eb p\u00ebr TikTokun, mos e injoroni.<br \/>\nPse u them un\u00eb mos e injoroni?<br \/>\nSe TikToku e tmerroi at\u00eb.<br \/>\nE tmerroi saq\u00eb e ka d\u00ebrguar deri n\u00eb at\u00eb shkall\u00eb sa nd\u00ebrhyn p\u00ebr persona t\u00eb ve\u00e7ant\u00eb dhe ua fshin llogarin\u00eb. Por k\u00ebto jan\u00eb akte d\u00ebshp\u00ebruese t\u00eb tij.<br \/>\nPrandaj mund\u00ebsisht krahas FB dhe IG, kthehuni tek VPN dhe shpresoj q\u00eb t\u00eb funksionoj\u00eb TikToku n\u00eb telefonat tuaj.<br \/>\nKy ka kryer nj\u00eb krim madhor, ka v\u00ebn\u00eb aparatura t\u00eb kontrollit t\u00eb plot\u00eb t\u00eb internetit.<br \/>\n\u00cbsht\u00eb kthyer biri i t\u00eb atit.<br \/>\nN\u00eb nj\u00eb mani t\u00eb pap\u00ebrmbajtur p\u00ebr t\u00eb kontrolluar fjal\u00ebn e lir\u00eb dhe mendimet e shqiptar\u00ebve.<br \/>\nPor, natyrisht k\u00ebto nuk jan\u00eb pengesa p\u00ebr ne, k\u00ebto jan\u00eb nxitje p\u00ebr t\u2019u p\u00ebrkushtuar shum\u00eb m\u00eb tep\u00ebr se gjer sot rrjeteve sociale\u201d, tha Berisha.<\/p>\n","protected":false},"excerpt":{"rendered":"<p>Kryetari i PD, Sali Berisha, zhvilloi nj\u00eb takim me kandidat\u00ebt p\u00ebr deputet\u00eb t\u00eb Aleanc\u00ebs Shqip\u00ebria Madh\u00ebshtore n\u00eb Qarkun e Tiran\u00ebs. Ai u shpreh se shumica e mediave jan\u00eb n\u00ebn kontrollin e qeveris\u00eb dhe nuk i japin hap\u00ebsir\u00eb opozit\u00ebs p\u00ebr t\u00eb prezantuar programin e saj. Berisha theksoi r\u00ebnd\u00ebsin\u00eb e p\u00ebrdorimit t\u00eb rrjeteve sociale p\u00ebr t\u00eb p\u00ebrhapur &hellip;<\/p>\n","protected":false},"author":4,"featured_media":109044,"comment_status":"closed","ping_status":"closed","sticky":false,"template":"","format":"standard","meta":{"footnotes":""},"categories":[37],"tags":[],"class_list":["post-109042","post","type-post","status-publish","format-standard","has-post-thumbnail","","category-politike"],"_links":{"self":[{"href":"https:\/\/rdnews.al\/index.php\/wp-json\/wp\/v2\/posts\/109042","targetHints":{"allow":["GET"]}}],"collection":[{"href":"https:\/\/rdnews.al\/index.php\/wp-json\/wp\/v2\/posts"}],"about":[{"href":"https:\/\/rdnews.al\/index.php\/wp-json\/wp\/v2\/types\/post"}],"author":[{"embeddable":true,"href":"https:\/\/rdnews.al\/index.php\/wp-json\/wp\/v2\/users\/4"}],"replies":[{"embeddable":true,"href":"https:\/\/rdnews.al\/index.php\/wp-json\/wp\/v2\/comments?post=109042"}],"version-history":[{"count":2,"href":"https:\/\/rdnews.al\/index.php\/wp-json\/wp\/v2\/posts\/109042\/revisions"}],"predecessor-version":[{"id":109046,"href":"https:\/\/rdnews.al\/index.php\/wp-json\/wp\/v2\/posts\/109042\/revisions\/109046"}],"wp:featuredmedia":[{"embeddable":true,"href":"https:\/\/rdnews.al\/index.php\/wp-json\/wp\/v2\/media\/109044"}],"wp:attachment":[{"href":"https:\/\/rdnews.al\/index.php\/wp-json\/wp\/v2\/media?parent=109042"}],"wp:term":[{"taxonomy":"category","embeddable":true,"href":"https:\/\/rdnews.al\/index.php\/wp-json\/wp\/v2\/categories?post=109042"},{"taxonomy":"post_tag","embeddable":true,"href":"https:\/\/rdnews.al\/index.php\/wp-json\/wp\/v2\/tags?post=109042"}],"curies":[{"name":"wp","href":"https:\/\/api.w.org\/{rel}","templated":true}]}}