{"id":109061,"date":"2025-04-02T08:30:07","date_gmt":"2025-04-02T08:30:07","guid":{"rendered":"https:\/\/rdnews.al\/?p=109061"},"modified":"2025-04-02T09:07:00","modified_gmt":"2025-04-02T09:07:00","slug":"bardh-spahia-qeveria-perdor-kriminelet-e-2-prillit-per-te-sulmuar-opoziten","status":"publish","type":"post","link":"https:\/\/rdnews.al\/index.php\/2025\/04\/02\/bardh-spahia-qeveria-perdor-kriminelet-e-2-prillit-per-te-sulmuar-opoziten\/","title":{"rendered":"Bardh Spahia: Qeveria p\u00ebrdor kriminel\u00ebt e 2 prillit p\u00ebr t\u00eb sulmuar opozit\u00ebn!"},"content":{"rendered":"<p>Bardh Spahia, n\u00eb nj\u00eb prononcim p\u00ebr mediat jasht\u00eb dyerve t\u00eb SPAK, u shpreh se mendimet e tij shkojn\u00eb p\u00ebr ata kat\u00ebr t\u00eb rinjt\u00eb q\u00eb humb\u00ebn jet\u00ebn n\u00eb qytetin e Shkodr\u00ebs, duke k\u00ebrkuar mbrojtjen e vot\u00ebs s\u00eb lir\u00eb, 34 vjet m\u00eb par\u00eb.<\/p>\n<p>Ai shtoi se mendimet e tij shkojn\u00eb sot p\u00ebr familjar\u00ebt e 2 prillit, p\u00ebr familjar\u00ebt e 100 t\u00eb plagosurve dhe p\u00ebr t\u00ebr\u00eb popullin e Shkodr\u00ebs, duke p\u00ebrkujtuar nj\u00eb prej datave m\u00eb t\u00eb r\u00ebnd\u00ebsishme p\u00ebr qytetin. Spahia theksoi se, pavar\u00ebsisht se nuk mundi t\u00eb ishte prezent p\u00ebr t\u00eb p\u00ebrkujtuar k\u00ebt\u00eb dit\u00eb n\u00eb Shkod\u00ebr, ai ishte i angazhuar n\u00eb SPAK p\u00ebr \u00e7\u00ebshtje t\u00eb tjera.<\/p>\n<p>&#8220;Mendimet e mia shkojn\u00eb p\u00ebr ata kat\u00ebr t\u00eb rinjt\u00eb q\u00eb humb\u00ebn jet\u00ebn n\u00eb qytetin e Shkodr\u00ebs, duke k\u00ebrkuar mbrojtjen e vot\u00ebs s\u00eb lir\u00eb, 34 vjet m\u00eb par\u00eb, p\u00ebr familjar\u00ebt e 2 prillit, p\u00ebr familjar\u00ebt e 100 t\u00eb plagosurve dhe p\u00ebr t\u00ebr\u00eb popullin e Shkodr\u00ebs, duke p\u00ebrkujtuar nj\u00eb prej datave m\u00eb t\u00eb r\u00ebnd\u00ebsishme p\u00ebr popullin shkodran.<\/p>\n<p>Sot nuk munda t\u00eb jem prezent p\u00ebr ta p\u00ebrkujtuar n\u00eb Shkod\u00ebr, edhe pse isha nj\u00eb ish-pjes\u00ebmarr\u00ebs n\u00eb at\u00eb protest\u00eb, por mu desh t\u00eb isha n\u00eb SPAK.<\/p>\n<p>P\u00ebr fat t\u00eb keq, edhe nj\u00eb her\u00eb shqiptar\u00ebt k\u00ebrkojn\u00eb mbrojtjen e vot\u00ebs s\u00eb tyre dhe shk\u00ebputjen e krimit nga shteti, i cili ka kapur \u00e7do zyr\u00eb t\u00eb tij. Po atyre kriminel\u00ebve t\u00eb 2 prillit, sot drejtojn\u00eb qeverin\u00eb.<\/p>\n<p>Sot shqiptar\u00ebt po k\u00ebrkojn\u00eb mbrojtjen e vot\u00ebs s\u00eb lir\u00eb, mbrojtjen e vetes s\u00eb tyre dhe shk\u00ebputjen e krimit nga shteti q\u00eb sot ka kapur gjith\u00e7ka.<\/p>\n<p>Kjo e sotmja ishte nj\u00eb formalitet i Gjykat\u00ebs p\u00ebr ta d\u00ebrguar \u00e7\u00ebshtjen time n\u00eb gjykim. Sigurisht, un\u00eb nuk pranova gjykimin e shkurtuar, por k\u00ebrkova gjykim normal, i bindur se\u00a0 kjo \u00ebsht\u00eb nj\u00eb padi e p\u00ebrgatitur n\u00eb zyrat e PS-s\u00eb, jo vet\u00ebm n\u00eb Shkod\u00ebr, por edhe n\u00eb Tiran\u00eb, t\u00eb cil\u00ebt p\u00ebrdorin nj\u00eb person t\u00eb d\u00ebnuar p\u00ebr vjedhje e korrupsion, ndaj t\u00eb cilit kontrolli i lat\u00eb i shtetit ka b\u00ebr\u00eb nj\u00eb lidhje dhe ka k\u00ebrkuar shkarkimin e tij p\u00ebr abuzime. Sot, ky person p\u00ebrdoret p\u00ebr t\u00eb ngritur padi ndaj meje&#8221;, tha Spahia.<\/p>\n","protected":false},"excerpt":{"rendered":"<p>Bardh Spahia, n\u00eb nj\u00eb prononcim p\u00ebr mediat jasht\u00eb dyerve t\u00eb SPAK, u shpreh se mendimet e tij shkojn\u00eb p\u00ebr ata kat\u00ebr t\u00eb rinjt\u00eb q\u00eb humb\u00ebn jet\u00ebn n\u00eb qytetin e Shkodr\u00ebs, duke k\u00ebrkuar mbrojtjen e vot\u00ebs s\u00eb lir\u00eb, 34 vjet m\u00eb par\u00eb. Ai shtoi se mendimet e tij shkojn\u00eb sot p\u00ebr familjar\u00ebt e 2 prillit, p\u00ebr &hellip;<\/p>\n","protected":false},"author":4,"featured_media":109077,"comment_status":"closed","ping_status":"closed","sticky":false,"template":"","format":"standard","meta":{"footnotes":""},"categories":[37],"tags":[],"class_list":["post-109061","post","type-post","status-publish","format-standard","has-post-thumbnail","","category-politike"],"_links":{"self":[{"href":"https:\/\/rdnews.al\/index.php\/wp-json\/wp\/v2\/posts\/109061","targetHints":{"allow":["GET"]}}],"collection":[{"href":"https:\/\/rdnews.al\/index.php\/wp-json\/wp\/v2\/posts"}],"about":[{"href":"https:\/\/rdnews.al\/index.php\/wp-json\/wp\/v2\/types\/post"}],"author":[{"embeddable":true,"href":"https:\/\/rdnews.al\/index.php\/wp-json\/wp\/v2\/users\/4"}],"replies":[{"embeddable":true,"href":"https:\/\/rdnews.al\/index.php\/wp-json\/wp\/v2\/comments?post=109061"}],"version-history":[{"count":1,"href":"https:\/\/rdnews.al\/index.php\/wp-json\/wp\/v2\/posts\/109061\/revisions"}],"predecessor-version":[{"id":109062,"href":"https:\/\/rdnews.al\/index.php\/wp-json\/wp\/v2\/posts\/109061\/revisions\/109062"}],"wp:featuredmedia":[{"embeddable":true,"href":"https:\/\/rdnews.al\/index.php\/wp-json\/wp\/v2\/media\/109077"}],"wp:attachment":[{"href":"https:\/\/rdnews.al\/index.php\/wp-json\/wp\/v2\/media?parent=109061"}],"wp:term":[{"taxonomy":"category","embeddable":true,"href":"https:\/\/rdnews.al\/index.php\/wp-json\/wp\/v2\/categories?post=109061"},{"taxonomy":"post_tag","embeddable":true,"href":"https:\/\/rdnews.al\/index.php\/wp-json\/wp\/v2\/tags?post=109061"}],"curies":[{"name":"wp","href":"https:\/\/api.w.org\/{rel}","templated":true}]}}