{"id":109073,"date":"2025-04-02T08:59:00","date_gmt":"2025-04-02T08:59:00","guid":{"rendered":"https:\/\/rdnews.al\/?p=109073"},"modified":"2025-04-02T09:21:35","modified_gmt":"2025-04-02T09:21:35","slug":"2-prilli-shkreli-shkodra-kerkon-drejtesi-spak-duhet-te-hetoje-ceshtjen","status":"publish","type":"post","link":"https:\/\/rdnews.al\/index.php\/2025\/04\/02\/2-prilli-shkreli-shkodra-kerkon-drejtesi-spak-duhet-te-hetoje-ceshtjen\/","title":{"rendered":"\u201c2 Prilli\u201d\/ Shkreli: Shkodra k\u00ebrkon drejt\u00ebsi, SPAK duhet t\u00eb hetoj\u00eb \u00e7\u00ebshtjen!"},"content":{"rendered":"<p>Kryetarja e PD Shkod\u00ebr, Eliona Kodra Shkreli tha se, sot m\u00eb 2 prill, p\u00ebrkujtojm\u00eb nj\u00eb ngjarje shum\u00eb t\u00eb r\u00ebnd\u00ebsishme jo vet\u00ebm p\u00ebr Shkodr\u00ebn, por edhe p\u00ebr Shqip\u00ebrin\u00eb.<\/p>\n<p>Ky \u00ebsht\u00eb nj\u00eb moment i shenjt\u00eb ku ne nderojm\u00eb d\u00ebshmor\u00ebt e demokracis\u00eb, t\u00eb cil\u00ebt dha jet\u00ebn p\u00ebr lirin\u00eb dhe p\u00ebr t\u00eb drejtat e qytetar\u00ebve. Sikurse \u00e7do vit, edhe k\u00ebt\u00eb vit do t\u00eb organizohet ceremonia p\u00ebrkujtimore nga Partia Demokratike, ku i pranish\u00ebm do t\u00eb jet\u00eb lideri i opozit\u00ebs, Sali Berisha.<\/p>\n<p>&#8220;M\u00eb lejoni, para se t\u00eb kalojm\u00eb te biseda, ju e p\u00ebrmend\u00ebt edhe n\u00eb fillim t\u00eb hapjes suaj p\u00ebr 2 prillin.<\/p>\n<p>N\u00eb fakt, sot \u00ebsht\u00eb nj\u00eb ngjarje shum\u00eb e r\u00ebnd\u00ebsishme jo vet\u00ebm p\u00ebr Shkodr\u00ebn, por edhe p\u00ebr Shqip\u00ebrin\u00eb.<\/p>\n<p>2 prilli \u00ebsht\u00eb nj\u00eb dit\u00eb ku ne kujtojm\u00eb d\u00ebshmor\u00ebt e demokracis\u00eb, ku, sikurse \u00e7do vit, edhe k\u00ebt\u00eb vit do t\u00eb organizohet ceremonia p\u00ebrkujtimore nga PD, ku i pranish\u00ebm do t\u00eb jet\u00eb edhe lideri i opozit\u00ebs, Sali Berisha.<\/p>\n<p>Do doja ta shfryt\u00ebzoja k\u00ebt\u00eb dalje time sot p\u00ebr t&#8217;u b\u00ebr\u00eb thirrje t\u00eb gjith\u00eb simpatizant\u00ebve t\u00eb PD, qytetar\u00ebve t\u00eb PD, apo an\u00ebtar\u00ebve q\u00eb t\u00eb b\u00ebhemi pjes\u00eb, sikurse \u00e7do vit, t\u00eb jemi pran\u00eb monumentit t\u00eb 2 prillit dhe t\u00eb marim pjes\u00eb n\u00eb k\u00ebt\u00eb ceremoni p\u00ebrkujtimore q\u00eb do t\u00eb zhvillohet n\u00eb or\u00ebn 11.<\/p>\n<p>\u00c7\u00ebshtja tashm\u00eb ka kaluar n\u00eb SPAK, si\u00e7 e ndoq\u00ebm edhe materialin, banor\u00ebt kan\u00eb protestuar prej disa dit\u00ebsh duke kund\u00ebrshtuar pranin\u00eb e nd\u00ebrtimit t\u00eb nj\u00eb resorti atje.<\/p>\n<p>Banor\u00ebt pretendojn\u00eb se kan\u00eb dokumentacion t\u00eb rregullt dhe dy vendime gjyq\u00ebsore, nj\u00eb t\u00eb vitit 1996 dhe nj\u00eb t\u00eb vitit 2008, por besoj se ju do keni edhe nj\u00eb banor q\u00eb do e sqaroj\u00eb k\u00ebt\u00eb \u00e7\u00ebshtje.<\/p>\n<p>Kemi edhe nj\u00eb banor tjet\u00ebr q\u00eb pretendon se ka dokumente t\u00eb rregullta p\u00ebr pron\u00ebsin\u00eb e k\u00ebsaj toke. N\u00eb k\u00ebt\u00eb pik\u00eb, duhet t\u00eb jet\u00eb gjykata ajo q\u00eb duhet t\u00eb b\u00ebj\u00eb hetimin, sikurse do t\u00eb ndodh\u00eb nga ana e SPAK, p\u00ebr t\u00eb par\u00eb si jan\u00eb marr\u00eb lejet e pron\u00ebsis\u00eb, \u00e7ertifikatat e pron\u00ebsis\u00eb, sikurse personi q\u00eb pretendon zot\u00ebrimin, Zoti Shpellza, dhe edhe pretendimet e banor\u00ebve se e kan\u00eb tok\u00ebn t\u00eb trash\u00ebguar me dy vendime gjykatash p\u00ebr pron\u00ebsin\u00eb e tok\u00ebs atje&#8221;, tha Shkreli nga studioja e &#8220;Kafe Shqeto&#8221; n\u00eb Syrit TV.<\/p>\n","protected":false},"excerpt":{"rendered":"<p>Kryetarja e PD Shkod\u00ebr, Eliona Kodra Shkreli tha se, sot m\u00eb 2 prill, p\u00ebrkujtojm\u00eb nj\u00eb ngjarje shum\u00eb t\u00eb r\u00ebnd\u00ebsishme jo vet\u00ebm p\u00ebr Shkodr\u00ebn, por edhe p\u00ebr Shqip\u00ebrin\u00eb. Ky \u00ebsht\u00eb nj\u00eb moment i shenjt\u00eb ku ne nderojm\u00eb d\u00ebshmor\u00ebt e demokracis\u00eb, t\u00eb cil\u00ebt dha jet\u00ebn p\u00ebr lirin\u00eb dhe p\u00ebr t\u00eb drejtat e qytetar\u00ebve. Sikurse \u00e7do vit, edhe &hellip;<\/p>\n","protected":false},"author":4,"featured_media":103791,"comment_status":"closed","ping_status":"closed","sticky":false,"template":"","format":"standard","meta":{"footnotes":""},"categories":[37],"tags":[],"class_list":["post-109073","post","type-post","status-publish","format-standard","has-post-thumbnail","","category-politike"],"_links":{"self":[{"href":"https:\/\/rdnews.al\/index.php\/wp-json\/wp\/v2\/posts\/109073","targetHints":{"allow":["GET"]}}],"collection":[{"href":"https:\/\/rdnews.al\/index.php\/wp-json\/wp\/v2\/posts"}],"about":[{"href":"https:\/\/rdnews.al\/index.php\/wp-json\/wp\/v2\/types\/post"}],"author":[{"embeddable":true,"href":"https:\/\/rdnews.al\/index.php\/wp-json\/wp\/v2\/users\/4"}],"replies":[{"embeddable":true,"href":"https:\/\/rdnews.al\/index.php\/wp-json\/wp\/v2\/comments?post=109073"}],"version-history":[{"count":2,"href":"https:\/\/rdnews.al\/index.php\/wp-json\/wp\/v2\/posts\/109073\/revisions"}],"predecessor-version":[{"id":109078,"href":"https:\/\/rdnews.al\/index.php\/wp-json\/wp\/v2\/posts\/109073\/revisions\/109078"}],"wp:featuredmedia":[{"embeddable":true,"href":"https:\/\/rdnews.al\/index.php\/wp-json\/wp\/v2\/media\/103791"}],"wp:attachment":[{"href":"https:\/\/rdnews.al\/index.php\/wp-json\/wp\/v2\/media?parent=109073"}],"wp:term":[{"taxonomy":"category","embeddable":true,"href":"https:\/\/rdnews.al\/index.php\/wp-json\/wp\/v2\/categories?post=109073"},{"taxonomy":"post_tag","embeddable":true,"href":"https:\/\/rdnews.al\/index.php\/wp-json\/wp\/v2\/tags?post=109073"}],"curies":[{"name":"wp","href":"https:\/\/api.w.org\/{rel}","templated":true}]}}