{"id":109088,"date":"2025-04-02T09:57:56","date_gmt":"2025-04-02T09:57:56","guid":{"rendered":"https:\/\/rdnews.al\/?p=109088"},"modified":"2025-04-02T09:57:56","modified_gmt":"2025-04-02T09:57:56","slug":"berisha-me-11-maj-firmosim-projektin-e-endrres-shqiptare-ky-eshte-nderimi-me-i-madh-qe-u-bejme-martireve-te-2-prillit","status":"publish","type":"post","link":"https:\/\/rdnews.al\/index.php\/2025\/04\/02\/berisha-me-11-maj-firmosim-projektin-e-endrres-shqiptare-ky-eshte-nderimi-me-i-madh-qe-u-bejme-martireve-te-2-prillit\/","title":{"rendered":"Berisha: M\u00eb 11 Maj firmosim projektin e \u00ebndrr\u00ebs shqiptare! Ky \u00ebsht\u00eb nderimi m\u00eb i madh q\u00eb u b\u00ebjm\u00eb martir\u00ebve t\u00eb 2 Prillit"},"content":{"rendered":"<p>Kryetari i PD, Sali Berisha, ka p\u00ebrkujtuar sot martir\u00ebt e 2 Prillit 1991 n\u00eb Shkod\u00ebr, duke vler\u00ebsuar sakrific\u00ebn e tyre p\u00ebr liri. Ai e cil\u00ebsoi regjimin aktual si nj\u00eb diktatur\u00eb t\u00eb bazuar n\u00eb krim dhe terror, duke e krahasuar me regjimin e kaluar.<br \/>\nBerisha theksoi se, 11 Maji do t\u00eb jet\u00eb dita e vot\u00ebs s\u00eb lir\u00eb dhe nj\u00eb ndarje mes diktatur\u00ebs dhe nj\u00eb shteti t\u00eb s\u00eb drejt\u00ebs. Ai e quajti 11 Majin nj\u00eb dit\u00eb q\u00eb ndan mjerimin nga shpresa dhe besimi n\u00eb nj\u00eb t\u00eb ardhme m\u00eb t\u00eb mir\u00eb.<br \/>\n&#8220;Ne nderojm\u00eb sot k\u00ebt\u00eb dit\u00eb para nj\u00eb ngjarje q\u00eb do t\u00eb ndaj\u00eb epokat.<br \/>\nSepse p\u00ebrs\u00ebri ne nderojm\u00eb vepr\u00ebn e tyre t\u00eb ndritur, sakrific\u00ebn e tyre sublime n\u00eb nj\u00eb diktatur\u00eb, e cila nuk bazohet m\u00eb ideoligjin\u00eb e ish-komitetit t\u00eb partis\u00eb, por bazohet n\u00eb ideoliogjin\u00eb e Dobra\u00e7it, t\u00eb krimit, t\u00eb terrorit.<br \/>\nDhe kjo \u00ebsht\u00eb nj\u00eb diktatur\u00eb po aq e sh\u00ebmtuar sa e para.<br \/>\nBazohet n\u00eb ideologjin\u00eb e nj\u00eb bande, q\u00eb k\u00ebrkon t\u00eb mposht\u00eb nj\u00eb qytet liridash\u00ebs dhe kjo band\u00eb ka nj\u00eb kryebandit n\u00eb krye, q\u00eb quhet Edi Rama.<br \/>\nNdaj dhe sot, sakrifica, heroizmi i martir\u00ebve t\u00eb Shkodr\u00ebs \u00ebsht\u00eb m\u00eb frym\u00ebzues se kurr\u00eb.<br \/>\n\u00cbsht\u00eb thirrje p\u00ebr \u00e7do qytetar t\u00eb k\u00ebtij qyteti t\u00eb bekuar, p\u00ebr \u00e7do shqiptar, t\u00eb kthejm\u00eb 11 Majin n\u00eb dit\u00ebn e vot\u00ebs s\u00eb lir\u00eb.<br \/>\nT\u00eb kthejm\u00eb me 11 Maj, drit\u00ebn e liris\u00eb n\u00eb Shkod\u00ebr dhe mbar\u00eb Shqip\u00ebrin\u00eb.<br \/>\n11 Maji \u00ebsht\u00eb dita q\u00eb ndan histori dhe epoka, ndan diktatur\u00ebn e bazuar n\u00eb drog\u00eb, nga shteti i t\u00eb drejt\u00ebs, lirit\u00eb dhe t\u00eb drejtat e qytetar\u00ebve.<br \/>\nNdan varf\u00ebrin\u00eb dhe mjerimin n\u00eb rritje t\u00eb shqiptar\u00ebve nga rruga e mir\u00ebqenies, e begatimit t\u00eb pandalsh\u00ebm t\u00eb tyre.<br \/>\nNdan d\u00ebshp\u00ebrimin me shpres\u00ebn,<br \/>\nNdan zhg\u00ebnjimin me besimin e madh se Shkodra dhe Shqip\u00ebria do t\u00eb jen\u00eb t\u00eb jetueshme.<br \/>\nDo t\u00eb jen\u00eb dinjitoze p\u00ebr qytetar\u00ebt e saj.<br \/>\nNdan shpopullimin, shkretimin e Shkodr\u00ebs dhe Shqip\u00ebris\u00eb nga djemt\u00eb dhe vajzat, burrat dhe grat\u00eb e saj.<br \/>\nNga besimi dhe kthimi i k\u00ebtij besimi, nga rikthimi i tyre n\u00eb Shqip\u00ebri p\u00ebr t\u00eb nd\u00ebrtuar \u00ebndrr\u00ebn shqiptare.<br \/>\nDhe un\u00eb u them ju, nuk ka \u00ebnd\u00ebrr m\u00eb t\u00eb bukur se \u00ebndrra shqiptare, nuk ka \u00ebnd\u00ebrr m\u00eb fisnike se \u00ebndrra shqiptare, nuk ka \u00ebnd\u00ebrr m\u00eb sublime se \u00ebndrra shqiptare.<br \/>\nNuk ka vend m\u00eb t\u00eb pasur dhe m\u00eb t\u00eb begat\u00eb se kjo tok\u00eb q\u00eb e grabisin dhe pla\u00e7kisin.<br \/>\nNdaj dhe ne, m\u00eb 11 Maj firmosim projektin e \u00ebndrr\u00ebs shqiptare.<br \/>\nProjektin e shqiptar\u00ebve jasht\u00eb varf\u00ebris\u00eb ekstreme.<br \/>\nProjektin e Shqip\u00ebris\u00eb q\u00eb prodhon n\u00eb \u00e7do skaj t\u00eb saj t\u00eb mira p\u00ebr qytetar\u00ebt e saj.<br \/>\nProjektin e Shqip\u00ebris\u00eb q\u00eb begaton dhe rrit mir\u00ebqenien \u00e7do her\u00eb e m\u00eb shum\u00eb t\u00eb qytetar\u00ebve t\u00eb saj.<br \/>\nProjektin e Shqip\u00ebris\u00eb q\u00eb nd\u00ebshkon me forc\u00ebn e ligjit krimin, korrupsionin dhe mbron t\u00eb drejtat e qytetar\u00ebve.<br \/>\nProjektin e Shqip\u00ebris\u00eb q\u00eb shnd\u00ebrrohet n\u00eb nj\u00eb Shqip\u00ebri superfuqi energjetike.<br \/>\nNj\u00eb Shqip\u00ebri shprese, besimi.<br \/>\nNj\u00eb Shqip\u00ebri \u00ebndrre.<br \/>\nDhe ky \u00ebsht\u00eb nderimi m\u00eb i madh q\u00eb u b\u00ebjm\u00eb ne martir\u00ebve t\u00eb 2 Prillit q\u00eb ran\u00eb p\u00ebr t\u00eb fituar pavdek\u00ebsin\u00eb me vot\u00ebn e lir\u00eb.<br \/>\nP\u00ebr t\u00eb fituar pavdek\u00ebsin\u00eb me shpirtin liridash\u00ebs t\u00eb \u00e7do qytetari.<br \/>\nP\u00ebr t\u00eb fituar pavdek\u00ebsin\u00eb me dinjitetin njer\u00ebzor.<br \/>\nNder p\u00ebrjet\u00eb martir\u00ebve t\u00eb 2 Prillit.<br \/>\nNder Shkodr\u00ebs, Rozaf\u00ebs s\u00eb liris\u00eb!&#8221;, u shpreh Berisha.<\/p>\n","protected":false},"excerpt":{"rendered":"<p>Kryetari i PD, Sali Berisha, ka p\u00ebrkujtuar sot martir\u00ebt e 2 Prillit 1991 n\u00eb Shkod\u00ebr, duke vler\u00ebsuar sakrific\u00ebn e tyre p\u00ebr liri. Ai e cil\u00ebsoi regjimin aktual si nj\u00eb diktatur\u00eb t\u00eb bazuar n\u00eb krim dhe terror, duke e krahasuar me regjimin e kaluar. Berisha theksoi se, 11 Maji do t\u00eb jet\u00eb dita e vot\u00ebs s\u00eb &hellip;<\/p>\n","protected":false},"author":4,"featured_media":109089,"comment_status":"closed","ping_status":"closed","sticky":false,"template":"","format":"standard","meta":{"footnotes":""},"categories":[37],"tags":[],"class_list":["post-109088","post","type-post","status-publish","format-standard","has-post-thumbnail","","category-politike"],"_links":{"self":[{"href":"https:\/\/rdnews.al\/index.php\/wp-json\/wp\/v2\/posts\/109088","targetHints":{"allow":["GET"]}}],"collection":[{"href":"https:\/\/rdnews.al\/index.php\/wp-json\/wp\/v2\/posts"}],"about":[{"href":"https:\/\/rdnews.al\/index.php\/wp-json\/wp\/v2\/types\/post"}],"author":[{"embeddable":true,"href":"https:\/\/rdnews.al\/index.php\/wp-json\/wp\/v2\/users\/4"}],"replies":[{"embeddable":true,"href":"https:\/\/rdnews.al\/index.php\/wp-json\/wp\/v2\/comments?post=109088"}],"version-history":[{"count":1,"href":"https:\/\/rdnews.al\/index.php\/wp-json\/wp\/v2\/posts\/109088\/revisions"}],"predecessor-version":[{"id":109090,"href":"https:\/\/rdnews.al\/index.php\/wp-json\/wp\/v2\/posts\/109088\/revisions\/109090"}],"wp:featuredmedia":[{"embeddable":true,"href":"https:\/\/rdnews.al\/index.php\/wp-json\/wp\/v2\/media\/109089"}],"wp:attachment":[{"href":"https:\/\/rdnews.al\/index.php\/wp-json\/wp\/v2\/media?parent=109088"}],"wp:term":[{"taxonomy":"category","embeddable":true,"href":"https:\/\/rdnews.al\/index.php\/wp-json\/wp\/v2\/categories?post=109088"},{"taxonomy":"post_tag","embeddable":true,"href":"https:\/\/rdnews.al\/index.php\/wp-json\/wp\/v2\/tags?post=109088"}],"curies":[{"name":"wp","href":"https:\/\/api.w.org\/{rel}","templated":true}]}}