{"id":109091,"date":"2025-04-02T10:08:58","date_gmt":"2025-04-02T10:08:58","guid":{"rendered":"https:\/\/rdnews.al\/?p=109091"},"modified":"2025-04-02T10:08:58","modified_gmt":"2025-04-02T10:08:58","slug":"berisha-shkodra-do-e-mesoje-shume-shpejt-se-cperfaqeson-beci-i-dobracit","status":"publish","type":"post","link":"https:\/\/rdnews.al\/index.php\/2025\/04\/02\/berisha-shkodra-do-e-mesoje-shume-shpejt-se-cperfaqeson-beci-i-dobracit\/","title":{"rendered":"Berisha: Shkodra do e m\u00ebsoj\u00eb shum\u00eb shpejt se \u00e7\u2019p\u00ebrfaq\u00ebson Beci i Dobra\u00e7it!"},"content":{"rendered":"<p>Kryetari i Partis\u00eb Demokratike e cil\u00ebson qytetin e Shkodr\u00ebs si bastion t\u00eb konservatorizmit dhe vlerave t\u00eb liris\u00eb. Berisha tha se, Shkodra do e m\u00ebsoj\u00eb shum\u00eb shpejt se \u00e7\u2019p\u00ebrfaq\u00ebson Beci i Dobra\u00e7it!<\/p>\n<p>\u201cShkodra ka ditur t\u00eb triumfoj\u00eb gjithmon\u00eb mbi diktator\u00ebt dhe diktaturat.<\/p>\n<p>K\u00ebsaj here, Shkodra do u jap\u00eb leksionin m\u00eb t\u00eb merituar atyre q\u00eb menduan se mund ta n\u00ebp\u00ebrk\u00ebmbin.<\/p>\n<p>Shkodra \u00ebsht\u00eb bastion i p\u00ebrjetsh\u00ebm i vlerave t\u00eb konservatorizmit, i besimit tek Zoti, tek familja, tek atdheu.<\/p>\n<p>K\u00ebtu k\u00ebto vlera nuk kan\u00eb vdekur kurr\u00eb dhe nuk vdesin kurr\u00eb.<\/p>\n<p>K\u00ebto jan\u00eb vlerat themelore t\u00eb liris\u00eb, k\u00ebto jan\u00eb vlerat themelore t\u00eb konservatorizmit.<\/p>\n<p>Shkodra \u00ebsht\u00eb djepi i tyre&#8221;, tha Berisha.<\/p>\n","protected":false},"excerpt":{"rendered":"<p>Kryetari i Partis\u00eb Demokratike e cil\u00ebson qytetin e Shkodr\u00ebs si bastion t\u00eb konservatorizmit dhe vlerave t\u00eb liris\u00eb. Berisha tha se, Shkodra do e m\u00ebsoj\u00eb shum\u00eb shpejt se \u00e7\u2019p\u00ebrfaq\u00ebson Beci i Dobra\u00e7it! \u201cShkodra ka ditur t\u00eb triumfoj\u00eb gjithmon\u00eb mbi diktator\u00ebt dhe diktaturat. K\u00ebsaj here, Shkodra do u jap\u00eb leksionin m\u00eb t\u00eb merituar atyre q\u00eb menduan se &hellip;<\/p>\n","protected":false},"author":4,"featured_media":109092,"comment_status":"closed","ping_status":"closed","sticky":false,"template":"","format":"standard","meta":{"footnotes":""},"categories":[37],"tags":[],"class_list":["post-109091","post","type-post","status-publish","format-standard","has-post-thumbnail","","category-politike"],"_links":{"self":[{"href":"https:\/\/rdnews.al\/index.php\/wp-json\/wp\/v2\/posts\/109091","targetHints":{"allow":["GET"]}}],"collection":[{"href":"https:\/\/rdnews.al\/index.php\/wp-json\/wp\/v2\/posts"}],"about":[{"href":"https:\/\/rdnews.al\/index.php\/wp-json\/wp\/v2\/types\/post"}],"author":[{"embeddable":true,"href":"https:\/\/rdnews.al\/index.php\/wp-json\/wp\/v2\/users\/4"}],"replies":[{"embeddable":true,"href":"https:\/\/rdnews.al\/index.php\/wp-json\/wp\/v2\/comments?post=109091"}],"version-history":[{"count":1,"href":"https:\/\/rdnews.al\/index.php\/wp-json\/wp\/v2\/posts\/109091\/revisions"}],"predecessor-version":[{"id":109093,"href":"https:\/\/rdnews.al\/index.php\/wp-json\/wp\/v2\/posts\/109091\/revisions\/109093"}],"wp:featuredmedia":[{"embeddable":true,"href":"https:\/\/rdnews.al\/index.php\/wp-json\/wp\/v2\/media\/109092"}],"wp:attachment":[{"href":"https:\/\/rdnews.al\/index.php\/wp-json\/wp\/v2\/media?parent=109091"}],"wp:term":[{"taxonomy":"category","embeddable":true,"href":"https:\/\/rdnews.al\/index.php\/wp-json\/wp\/v2\/categories?post=109091"},{"taxonomy":"post_tag","embeddable":true,"href":"https:\/\/rdnews.al\/index.php\/wp-json\/wp\/v2\/tags?post=109091"}],"curies":[{"name":"wp","href":"https:\/\/api.w.org\/{rel}","templated":true}]}}