{"id":109094,"date":"2025-04-02T10:12:38","date_gmt":"2025-04-02T10:12:38","guid":{"rendered":"https:\/\/rdnews.al\/?p=109094"},"modified":"2025-04-02T11:26:06","modified_gmt":"2025-04-02T11:26:06","slug":"berisha-spahia-shkon-ne-spak-vetem-pse-zbatoi-ligjin","status":"publish","type":"post","link":"https:\/\/rdnews.al\/index.php\/2025\/04\/02\/berisha-spahia-shkon-ne-spak-vetem-pse-zbatoi-ligjin\/","title":{"rendered":"Berisha: P\u00ebr Benet Becin ka nj\u00eb dosje tmerr\u00ebsisht t\u00eb r\u00ebnd\u00eb me t\u00eb cil\u00ebn e mban peng Edi Rama!"},"content":{"rendered":"<p>Lidhur me akuz\u00ebn e ngritur ndaj ish-kryebashkiakut Bardh Spahia, Berisha ka argumentuar se ky i fundit po p\u00ebrballet me drejt\u00ebsin\u00eb vet\u00ebm pse ka zbatuar ligjin.<\/p>\n<p>Berisha tha se, e v\u00ebrteta \u00ebsht\u00eb q\u00eb ka nj\u00eb dosje tmerr\u00ebsisht t\u00eb r\u00ebnd\u00eb p\u00ebr Benet Becin, me t\u00eb cil\u00ebn e mban peng Edi Rama.<\/p>\n<p>\u201cZoti Spahia na nderon n\u00eb Shkod\u00ebr.<\/p>\n<p>Dhe shpejt qytetar\u00ebt e Shkodr\u00ebs do marrin vesh se kush \u00ebsht\u00eb ai q\u00eb i qeveris aty, se \u00e7far\u00eb p\u00ebrfaq\u00ebson bashkiaku i Dobra\u00e7it.<\/p>\n<p>Do e m\u00ebsojn\u00eb shum\u00eb shpejt.<\/p>\n<p>U jap fjal\u00ebn se qytetar\u00ebt e Shkodr\u00ebs do m\u00ebsojn\u00eb shum\u00eb shpejt se \u00e7\u2019p\u00ebrfaq\u00ebson Beci i Dobra\u00e7it.<\/p>\n<p>Kurse Bardh Spahia shkon n\u00eb SPAK se ka zbatuar ligjin, ka mbrojtur kodin e nj\u00eb zyrtari, i cili nuk mund t\u00eb pranoj\u00eb delinkuent\u00eb n\u00eb administrat\u00eb.<\/p>\n<p>Pra, ai proces na b\u00ebn nder t\u00eb gjith\u00ebve ne dhe i b\u00ebn nder Shkodr\u00ebs dhe \u00e7do qytetari.<\/p>\n<p>Tani, e v\u00ebrteta \u00ebsht\u00eb q\u00eb ka nj\u00eb dosje tmerr\u00ebsisht t\u00eb r\u00ebnd\u00eb p\u00ebr Benet Becin, me t\u00eb cil\u00ebn e mban peng Edi Rama.<\/p>\n<p>Por ne jemi kund\u00ebr politik\u00ebs s\u00eb pengjeve\u201d, tha Berisha.<\/p>\n","protected":false},"excerpt":{"rendered":"<p>Lidhur me akuz\u00ebn e ngritur ndaj ish-kryebashkiakut Bardh Spahia, Berisha ka argumentuar se ky i fundit po p\u00ebrballet me drejt\u00ebsin\u00eb vet\u00ebm pse ka zbatuar ligjin. Berisha tha se, e v\u00ebrteta \u00ebsht\u00eb q\u00eb ka nj\u00eb dosje tmerr\u00ebsisht t\u00eb r\u00ebnd\u00eb p\u00ebr Benet Becin, me t\u00eb cil\u00ebn e mban peng Edi Rama. \u201cZoti Spahia na nderon n\u00eb Shkod\u00ebr. &hellip;<\/p>\n","protected":false},"author":4,"featured_media":109095,"comment_status":"closed","ping_status":"closed","sticky":false,"template":"","format":"standard","meta":{"footnotes":""},"categories":[37],"tags":[],"class_list":["post-109094","post","type-post","status-publish","format-standard","has-post-thumbnail","","category-politike"],"_links":{"self":[{"href":"https:\/\/rdnews.al\/index.php\/wp-json\/wp\/v2\/posts\/109094","targetHints":{"allow":["GET"]}}],"collection":[{"href":"https:\/\/rdnews.al\/index.php\/wp-json\/wp\/v2\/posts"}],"about":[{"href":"https:\/\/rdnews.al\/index.php\/wp-json\/wp\/v2\/types\/post"}],"author":[{"embeddable":true,"href":"https:\/\/rdnews.al\/index.php\/wp-json\/wp\/v2\/users\/4"}],"replies":[{"embeddable":true,"href":"https:\/\/rdnews.al\/index.php\/wp-json\/wp\/v2\/comments?post=109094"}],"version-history":[{"count":3,"href":"https:\/\/rdnews.al\/index.php\/wp-json\/wp\/v2\/posts\/109094\/revisions"}],"predecessor-version":[{"id":109116,"href":"https:\/\/rdnews.al\/index.php\/wp-json\/wp\/v2\/posts\/109094\/revisions\/109116"}],"wp:featuredmedia":[{"embeddable":true,"href":"https:\/\/rdnews.al\/index.php\/wp-json\/wp\/v2\/media\/109095"}],"wp:attachment":[{"href":"https:\/\/rdnews.al\/index.php\/wp-json\/wp\/v2\/media?parent=109094"}],"wp:term":[{"taxonomy":"category","embeddable":true,"href":"https:\/\/rdnews.al\/index.php\/wp-json\/wp\/v2\/categories?post=109094"},{"taxonomy":"post_tag","embeddable":true,"href":"https:\/\/rdnews.al\/index.php\/wp-json\/wp\/v2\/tags?post=109094"}],"curies":[{"name":"wp","href":"https:\/\/api.w.org\/{rel}","templated":true}]}}