{"id":109104,"date":"2025-04-02T10:28:52","date_gmt":"2025-04-02T10:28:52","guid":{"rendered":"https:\/\/rdnews.al\/?p=109104"},"modified":"2025-04-02T10:28:52","modified_gmt":"2025-04-02T10:28:52","slug":"shkreli-2-prilli-eshte-dite-kujtese-nderimi-dhe-respekti-per-heronjte-e-demokracise","status":"publish","type":"post","link":"https:\/\/rdnews.al\/index.php\/2025\/04\/02\/shkreli-2-prilli-eshte-dite-kujtese-nderimi-dhe-respekti-per-heronjte-e-demokracise\/","title":{"rendered":"Shkreli: 2 prilli \u00ebsht\u00eb dit\u00eb kujtese, nderimi dhe respekti p\u00ebr heronjt\u00eb e demokracis\u00eb!"},"content":{"rendered":"<p>N\u00eb Shkod\u00ebr u zhvillua ceremonia n\u00eb nderim t\u00eb 4 martir\u00ebve q\u00eb u vran\u00eb nga regjimi komunist n\u00eb grahmat e\u00a0 fundit te tij, m\u00eb 2 Prill t\u00eb vitit 1991, n\u00eb Shkod\u00ebr.<\/p>\n<p>Kryetarja e PD Shkod\u00ebr, Eliona Shkreli tha se, sot jemi n\u00eb nj\u00eb regjim totalitar t\u00eb dyt\u00eb. Jetojm\u00eb n\u00eb koh\u00ebn e nj\u00eb narkoshteti ku ligjin e b\u00ebjn\u00eb mafia dhe bandat. Dhe ku kryeministri \u00ebsht\u00eb i gjunj\u00ebzuar ne k\u00ebmbim t\u00eb pushtetit t\u00eb tij. Jetojm\u00eb n\u00eb koh\u00ebn e munges\u00ebs s\u00eb liris\u00eb ku spiun\u00ebt e sigurimit jan\u00eb kthyer n\u00eb patronazhsit\u00ebt modern\u00eb.<\/p>\n<p>\u201cSot p\u00ebrkujtojm\u00eb nj\u00eb nd\u00ebr ngjarjet m\u00eb t\u00eb r\u00ebnd\u00ebsishme t\u00eb historis\u00eb, jo vet\u00ebm t\u00eb Shkodr\u00ebs por t\u00eb mbar\u00eb Shqip\u00ebris\u00eb. 2 prilli \u00ebsht\u00eb dit\u00eb e kujtes\u00ebs, nderimit dhe respektit p\u00ebr heronjt\u00eb e demokracis\u00eb, Arben Broci, Bujar Bishanaku, Nazmi Kryeziun dhe Besnik Cek\u00ebn.<\/p>\n<p>P\u00ebrkujtojm\u00eb sot nj\u00eb nga ngjarjet m\u00eb t\u00eb lavdishme por edhe nga m\u00eb tragjiket, kur k\u00ebta t\u00eb rinj u vran\u00eb pabesisht vet\u00ebm se donin demokracin\u00eb, donin lirin\u00eb, donin vot\u00ebn e lir\u00eb. Por gjithashtu kujtojm\u00eb nj\u00eb ngjarje shprese t\u00eb atyre koh\u00ebve t\u00eb zymta p\u00ebr Shqip\u00ebrin\u00eb nd\u00ebrsa po \u00e7lirohej nga zinxhir\u00ebt e regjimit gjakatar diktatorial. Shkodra pararend\u00ebse e r\u00ebnies s\u00eb sistemit komunist. N\u00eb memorien e \u00e7do shqiptari dhe n\u00eb ve\u00e7anti n\u00eb memorien e \u00a0\u00e7do t\u00eb riu dhe t\u00eb reje t\u00eb saj kohe, mbeten imazhet e asaj q\u00eb po ndodhte pik\u00ebrisht k\u00ebtu, para ish komitetit t\u00eb partis\u00eb kur t\u00eb rinj dhe t\u00eb reja guximtar\u00eb dhe trima shp\u00ebrthyen n\u00eb revolt\u00eb p\u00ebr t\u00eb p\u00ebrmbysur nj\u00eb regjim t\u00eb pashpres\u00eb ku liria privohej n\u00eb \u00e7do kuptim t\u00eb saj.<\/p>\n<p>Ishte dit\u00eb q\u00eb sh\u00ebnoi vrasjet tragjike por nj\u00ebkoh\u00ebsisht ishte edhe dit\u00eb shprese. Shembulli dhe guximi i Arben Brocit, Bujar Bishanakut, Nazmi Kryeziut dhe Besnik Cek\u00ebs, tashm\u00eb \u00ebsht\u00eb shkruajtur me shkronja t\u00eb arta n\u00eb historin\u00eb e Shkodr\u00ebs dhe t\u00eb Shqip\u00ebris\u00eb, t\u00eb cil\u00ebt u flijuan n\u00eb k\u00ebmbim t\u00eb liris\u00eb q\u00eb ju mohua shqiptar\u00ebve n\u00eb 45 vite. Ai sistem i pam\u00ebshirsh\u00ebm lau me gjakun e 4 t\u00eb rinjve rrug\u00ebt e Shkodr\u00ebs dhe k\u00ebt\u00eb Shkodra nuk e harron kurr\u00eb.<\/p>\n<p>Sot jemi n\u00eb nj\u00eb regjim totalitar t\u00eb dyt\u00eb. Jetojm\u00eb n\u00eb koh\u00ebn e nj\u00eb narkoshteti ku ligjin e b\u00ebjn\u00eb mafia dhe bandat. Dhe ku kryeministri \u00ebsht\u00eb i gjunj\u00ebzuar ne k\u00ebmbim t\u00eb pushtetit t\u00eb tij. Jetojm\u00eb n\u00eb koh\u00ebn e munges\u00ebs s\u00eb liris\u00eb ku spiun\u00ebt e sigurimit jan\u00eb kthyer n\u00eb patronazhsit\u00ebt modern\u00eb\u201d, u shpreh Shkreli.<\/p>\n","protected":false},"excerpt":{"rendered":"<p>N\u00eb Shkod\u00ebr u zhvillua ceremonia n\u00eb nderim t\u00eb 4 martir\u00ebve q\u00eb u vran\u00eb nga regjimi komunist n\u00eb grahmat e\u00a0 fundit te tij, m\u00eb 2 Prill t\u00eb vitit 1991, n\u00eb Shkod\u00ebr. Kryetarja e PD Shkod\u00ebr, Eliona Shkreli tha se, sot jemi n\u00eb nj\u00eb regjim totalitar t\u00eb dyt\u00eb. Jetojm\u00eb n\u00eb koh\u00ebn e nj\u00eb narkoshteti ku ligjin e &hellip;<\/p>\n","protected":false},"author":4,"featured_media":109105,"comment_status":"closed","ping_status":"closed","sticky":false,"template":"","format":"standard","meta":{"footnotes":""},"categories":[37],"tags":[],"class_list":["post-109104","post","type-post","status-publish","format-standard","has-post-thumbnail","","category-politike"],"_links":{"self":[{"href":"https:\/\/rdnews.al\/index.php\/wp-json\/wp\/v2\/posts\/109104","targetHints":{"allow":["GET"]}}],"collection":[{"href":"https:\/\/rdnews.al\/index.php\/wp-json\/wp\/v2\/posts"}],"about":[{"href":"https:\/\/rdnews.al\/index.php\/wp-json\/wp\/v2\/types\/post"}],"author":[{"embeddable":true,"href":"https:\/\/rdnews.al\/index.php\/wp-json\/wp\/v2\/users\/4"}],"replies":[{"embeddable":true,"href":"https:\/\/rdnews.al\/index.php\/wp-json\/wp\/v2\/comments?post=109104"}],"version-history":[{"count":1,"href":"https:\/\/rdnews.al\/index.php\/wp-json\/wp\/v2\/posts\/109104\/revisions"}],"predecessor-version":[{"id":109106,"href":"https:\/\/rdnews.al\/index.php\/wp-json\/wp\/v2\/posts\/109104\/revisions\/109106"}],"wp:featuredmedia":[{"embeddable":true,"href":"https:\/\/rdnews.al\/index.php\/wp-json\/wp\/v2\/media\/109105"}],"wp:attachment":[{"href":"https:\/\/rdnews.al\/index.php\/wp-json\/wp\/v2\/media?parent=109104"}],"wp:term":[{"taxonomy":"category","embeddable":true,"href":"https:\/\/rdnews.al\/index.php\/wp-json\/wp\/v2\/categories?post=109104"},{"taxonomy":"post_tag","embeddable":true,"href":"https:\/\/rdnews.al\/index.php\/wp-json\/wp\/v2\/tags?post=109104"}],"curies":[{"name":"wp","href":"https:\/\/api.w.org\/{rel}","templated":true}]}}