{"id":109109,"date":"2025-04-02T10:44:42","date_gmt":"2025-04-02T10:44:42","guid":{"rendered":"https:\/\/rdnews.al\/?p=109109"},"modified":"2025-04-02T10:44:42","modified_gmt":"2025-04-02T10:44:42","slug":"bardhi-dje-ndame-emocione-te-fushes-se-blerte-neser-do-jem-pjese-e-mbrojtjes-se-interesave-ne-parlament","status":"publish","type":"post","link":"https:\/\/rdnews.al\/index.php\/2025\/04\/02\/bardhi-dje-ndame-emocione-te-fushes-se-blerte-neser-do-jem-pjese-e-mbrojtjes-se-interesave-ne-parlament\/","title":{"rendered":"Bardhi: Dje ndam\u00eb emocione t\u00eb fush\u00ebs s\u00eb blert\u00eb, nes\u00ebr do jem pjes\u00eb e mbrojtjes s\u00eb interesave n\u00eb parlament"},"content":{"rendered":"<p>Drejtuesi politik i PD p\u00ebr qarkun e Fierit ka zhvilluar dit\u00ebn e djeshme nj\u00eb takim me ish-futbollist\u00eb t\u00eb qytetit t\u00eb Lushnjes n\u00eb nj\u00eb nga ambjentet sportive n\u00eb Lushnje.<\/p>\n<p>Bardhi shkruan se, dje ndam\u00eb emocione t\u00eb fush\u00ebs s\u00eb blert\u00eb, nes\u00ebr do jem pjes\u00eb e mbrojtjes s\u00eb interesave si nj\u00eb z\u00eb i fuqish\u00ebm n\u00eb parlament.<\/p>\n<p>\u201cP\u00ebr kapitenin nr1\ufe0f\u20e3<\/p>\n<p>N\u00eb fush\u00ebn e blert\u00eb aty ku zemra rreh fort\u00eb.<\/p>\n<p>N\u00eb gjirin e m\u00ebsuesve, koleg\u00ebve, mjeshtrave t\u00eb futbollit lushnjar\u00eb ku prej t\u00eb cil\u00ebve marr gjithmon\u00eb energji.<\/p>\n<p>Dje ndam\u00eb emocione t\u00eb fush\u00ebs s\u00eb blert\u00eb, nes\u00ebr do jem pjes\u00eb e mbrojtjes s\u00eb interesave si nj\u00eb z\u00eb i fuqish\u00ebm n\u00eb parlament.<\/p>\n<p>Dashuria p\u00ebr futbollin \u00ebsht\u00eb e pashpjegueshme me fjal\u00eb \u2013 \u00ebsht\u00eb nj\u00eb ndjenj\u00eb q\u00eb duhet p\u00ebrjetuar qoft\u00eb duke luajtur n\u00eb fush\u00eb, duke ndjekur ndeshjet nga tribuna apo duke festuar nj\u00eb fitore historike me miqt\u00eb. Futbolli do t\u00eb mbetet gjithmon\u00eb nj\u00eb pasion i p\u00ebrjetsh\u00ebm p\u00ebr ata q\u00eb e duan me zem\u00ebr.<\/p>\n<p>Pafund\u00ebsisht mir\u00ebnjoh\u00ebs p\u00ebr miq, shok\u00eb e v\u00ebllez\u00ebr!\u201d, shkruan Bardhi.<\/p>\n<p><img loading=\"lazy\" decoding=\"async\" class=\"alignnone size-medium wp-image-109111\" src=\"https:\/\/rdnews.al\/wp-content\/uploads\/2025\/04\/11-2-300x135.jpg\" alt=\"\" width=\"300\" height=\"135\" srcset=\"https:\/\/rdnews.al\/wp-content\/uploads\/2025\/04\/11-2-300x135.jpg 300w, https:\/\/rdnews.al\/wp-content\/uploads\/2025\/04\/11-2.jpg 640w\" sizes=\"auto, (max-width: 300px) 100vw, 300px\" \/><\/p>\n","protected":false},"excerpt":{"rendered":"<p>Drejtuesi politik i PD p\u00ebr qarkun e Fierit ka zhvilluar dit\u00ebn e djeshme nj\u00eb takim me ish-futbollist\u00eb t\u00eb qytetit t\u00eb Lushnjes n\u00eb nj\u00eb nga ambjentet sportive n\u00eb Lushnje. Bardhi shkruan se, dje ndam\u00eb emocione t\u00eb fush\u00ebs s\u00eb blert\u00eb, nes\u00ebr do jem pjes\u00eb e mbrojtjes s\u00eb interesave si nj\u00eb z\u00eb i fuqish\u00ebm n\u00eb parlament. \u201cP\u00ebr kapitenin &hellip;<\/p>\n","protected":false},"author":4,"featured_media":109110,"comment_status":"closed","ping_status":"closed","sticky":false,"template":"","format":"standard","meta":{"footnotes":""},"categories":[37],"tags":[],"class_list":["post-109109","post","type-post","status-publish","format-standard","has-post-thumbnail","","category-politike"],"_links":{"self":[{"href":"https:\/\/rdnews.al\/index.php\/wp-json\/wp\/v2\/posts\/109109","targetHints":{"allow":["GET"]}}],"collection":[{"href":"https:\/\/rdnews.al\/index.php\/wp-json\/wp\/v2\/posts"}],"about":[{"href":"https:\/\/rdnews.al\/index.php\/wp-json\/wp\/v2\/types\/post"}],"author":[{"embeddable":true,"href":"https:\/\/rdnews.al\/index.php\/wp-json\/wp\/v2\/users\/4"}],"replies":[{"embeddable":true,"href":"https:\/\/rdnews.al\/index.php\/wp-json\/wp\/v2\/comments?post=109109"}],"version-history":[{"count":1,"href":"https:\/\/rdnews.al\/index.php\/wp-json\/wp\/v2\/posts\/109109\/revisions"}],"predecessor-version":[{"id":109112,"href":"https:\/\/rdnews.al\/index.php\/wp-json\/wp\/v2\/posts\/109109\/revisions\/109112"}],"wp:featuredmedia":[{"embeddable":true,"href":"https:\/\/rdnews.al\/index.php\/wp-json\/wp\/v2\/media\/109110"}],"wp:attachment":[{"href":"https:\/\/rdnews.al\/index.php\/wp-json\/wp\/v2\/media?parent=109109"}],"wp:term":[{"taxonomy":"category","embeddable":true,"href":"https:\/\/rdnews.al\/index.php\/wp-json\/wp\/v2\/categories?post=109109"},{"taxonomy":"post_tag","embeddable":true,"href":"https:\/\/rdnews.al\/index.php\/wp-json\/wp\/v2\/tags?post=109109"}],"curies":[{"name":"wp","href":"https:\/\/api.w.org\/{rel}","templated":true}]}}