{"id":109117,"date":"2025-04-02T14:03:23","date_gmt":"2025-04-02T14:03:23","guid":{"rendered":"https:\/\/rdnews.al\/?p=109117"},"modified":"2025-04-02T14:03:23","modified_gmt":"2025-04-02T14:03:23","slug":"drejtuesi-i-osbe-odihr-flet-per-here-te-pare-per-parate-e-krimit-ne-zgjedhje","status":"publish","type":"post","link":"https:\/\/rdnews.al\/index.php\/2025\/04\/02\/drejtuesi-i-osbe-odihr-flet-per-here-te-pare-per-parate-e-krimit-ne-zgjedhje\/","title":{"rendered":"Drejtuesi i OSBE\/ODIHR flet p\u00ebr her\u00eb t\u00eb par\u00eb p\u00ebr parat\u00eb e krimit n\u00eb zgjedhje"},"content":{"rendered":"<p>Misioni v\u00ebzhgues i OSBE\/ODIHR ka nisur zyrtarisht monitorimin e procesit zgjedhor n\u00eb Shqip\u00ebri.<\/p>\n<p>Drejtuesi i misionit, Lamberto Zannier, deklaroi se ekipi i tij do t\u00eb vler\u00ebsoj\u00eb t\u00eb gjitha aspektet e zgjedhjeve, p\u00ebrfshir\u00eb edhe p\u00ebrdorimin e mundsh\u00ebm t\u00eb parave t\u00eb krimit n\u00eb fushat\u00eb.<\/p>\n<p><em>\u00a0<\/em>\u201cMetodologjia jon\u00eb e v\u00ebzhgimit p\u00ebrfshin edhe k\u00ebt\u00eb \u00e7\u00ebshtje. Do t\u00eb analizojm\u00eb situat\u00ebn n\u00eb terren dhe masat e marra mbi rekomandimet e m\u00ebparshme,\u201d\u00a0tha Zannier, duke theksuar se transparenca financiare \u00ebsht\u00eb thelb\u00ebsore p\u00ebr nj\u00eb model t\u00eb mir\u00eb demokratik.<\/p>\n<p>Misioni i OSBE\/ODIHR do t\u00eb monitoroj\u00eb gjithashtu zbatimin e kuadrit ligjor, administrimin e zgjedhjeve dhe ndikimin e faktor\u00ebve t\u00eb jasht\u00ebm n\u00eb procesin elektoral.<\/p>\n<p><strong>Hetimi i krimeve zgjedhore nga SPAK<\/strong><\/p>\n<p>Misioni v\u00ebzhgues i OSBE\/ODIHR ka nisur zyrtarisht pun\u00ebn p\u00ebr monitorimin e zgjedhjeve n\u00eb Shqip\u00ebri.<\/p>\n<p>Drejtuesi i misionit, Lamberto Zannier, deklaroi se ekipi i tij do t\u00eb ndjek\u00eb nga af\u00ebr t\u00eb gjitha aspektet e procesit zgjedhor dhe do t\u00eb publikoj\u00eb gjetjet n\u00eb raportet zyrtare.<\/p>\n<p>I pyetur mbi planin e SPAK p\u00ebr hetimin e krimeve zgjedhore dhe mund\u00ebsin\u00eb e bashk\u00ebpunimit p\u00ebr raportimin e shkeljeve, Zannier tha se \u00ebsht\u00eb ende her\u00ebt p\u00ebr t\u00eb dh\u00ebn\u00eb nj\u00eb opinion mbi k\u00ebt\u00eb \u00e7\u00ebshtje.<\/p>\n<p>Ai n\u00ebnvizoi se misioni i OSBE\/ODIHR do t\u00eb fokusohet n\u00eb detyrat e tij dhe nuk do t\u00eb kryej\u00eb aksione t\u00eb tjera p\u00ebrtej mandatit t\u00eb v\u00ebzhgimit.<\/p>\n<p>\u201cBashk\u00ebpunimi me autoritetet \u00ebsht\u00eb i r\u00ebnd\u00ebsish\u00ebm, por gjetjet tona do t\u00eb ndahen p\u00ebrmes raporteve zyrtare,\u201d\u00a0tha Zannier, duke theksuar se misioni do t\u00eb ndjek\u00eb metodologjin\u00eb e tij standarde t\u00eb v\u00ebzhgimit.<\/p>\n","protected":false},"excerpt":{"rendered":"<p>Misioni v\u00ebzhgues i OSBE\/ODIHR ka nisur zyrtarisht monitorimin e procesit zgjedhor n\u00eb Shqip\u00ebri. Drejtuesi i misionit, Lamberto Zannier, deklaroi se ekipi i tij do t\u00eb vler\u00ebsoj\u00eb t\u00eb gjitha aspektet e zgjedhjeve, p\u00ebrfshir\u00eb edhe p\u00ebrdorimin e mundsh\u00ebm t\u00eb parave t\u00eb krimit n\u00eb fushat\u00eb. \u00a0\u201cMetodologjia jon\u00eb e v\u00ebzhgimit p\u00ebrfshin edhe k\u00ebt\u00eb \u00e7\u00ebshtje. Do t\u00eb analizojm\u00eb situat\u00ebn n\u00eb &hellip;<\/p>\n","protected":false},"author":3,"featured_media":109119,"comment_status":"closed","ping_status":"closed","sticky":false,"template":"","format":"standard","meta":{"footnotes":""},"categories":[37],"tags":[],"class_list":["post-109117","post","type-post","status-publish","format-standard","has-post-thumbnail","","category-politike"],"_links":{"self":[{"href":"https:\/\/rdnews.al\/index.php\/wp-json\/wp\/v2\/posts\/109117","targetHints":{"allow":["GET"]}}],"collection":[{"href":"https:\/\/rdnews.al\/index.php\/wp-json\/wp\/v2\/posts"}],"about":[{"href":"https:\/\/rdnews.al\/index.php\/wp-json\/wp\/v2\/types\/post"}],"author":[{"embeddable":true,"href":"https:\/\/rdnews.al\/index.php\/wp-json\/wp\/v2\/users\/3"}],"replies":[{"embeddable":true,"href":"https:\/\/rdnews.al\/index.php\/wp-json\/wp\/v2\/comments?post=109117"}],"version-history":[{"count":1,"href":"https:\/\/rdnews.al\/index.php\/wp-json\/wp\/v2\/posts\/109117\/revisions"}],"predecessor-version":[{"id":109120,"href":"https:\/\/rdnews.al\/index.php\/wp-json\/wp\/v2\/posts\/109117\/revisions\/109120"}],"wp:featuredmedia":[{"embeddable":true,"href":"https:\/\/rdnews.al\/index.php\/wp-json\/wp\/v2\/media\/109119"}],"wp:attachment":[{"href":"https:\/\/rdnews.al\/index.php\/wp-json\/wp\/v2\/media?parent=109117"}],"wp:term":[{"taxonomy":"category","embeddable":true,"href":"https:\/\/rdnews.al\/index.php\/wp-json\/wp\/v2\/categories?post=109117"},{"taxonomy":"post_tag","embeddable":true,"href":"https:\/\/rdnews.al\/index.php\/wp-json\/wp\/v2\/tags?post=109117"}],"curies":[{"name":"wp","href":"https:\/\/api.w.org\/{rel}","templated":true}]}}