{"id":109121,"date":"2025-04-02T16:07:56","date_gmt":"2025-04-02T16:07:56","guid":{"rendered":"https:\/\/rdnews.al\/?p=109121"},"modified":"2025-04-02T16:07:56","modified_gmt":"2025-04-02T16:07:56","slug":"kellici-ne-listat-e-pd-jane-58-kandidate-nen-moshen-40-vjec","status":"publish","type":"post","link":"https:\/\/rdnews.al\/index.php\/2025\/04\/02\/kellici-ne-listat-e-pd-jane-58-kandidate-nen-moshen-40-vjec\/","title":{"rendered":"K\u00eblli\u00e7i: N\u00eb listat e PD jan\u00eb 58 kandidat\u00eb n\u00ebn mosh\u00ebn 40 vje\u00e7"},"content":{"rendered":"<p>Opozita ka prezantuar gjat\u00eb mesdit\u00ebs s\u00eb sotme n\u00eb nj\u00eb takim programin p\u00ebr Rinin\u00eb me pjes\u00ebmarrjen e Kryetarit t\u00eb Partis\u00eb Demokratike.<\/p>\n<p>Belind K\u00eblli\u00e7i, drejtues politik i PD p\u00ebr Tiran\u00ebn tha se, \u201cpo e vazhdojm\u00eb aty ku e nis\u00ebm me 7 n\u00ebntor t\u00eb vitit 2021 me foltoren e FRPD q\u00eb n\u00eb fakt i dha at\u00eb rit\u00ebm, fuqi dhe vrull q\u00eb prisnin t\u00eb gjitha foltoret dhe demokrat\u00ebt e Shqip\u00ebris\u00eb p\u00ebr rithemelimin e PD, p\u00ebr shp\u00ebtimin e PD, p\u00ebr ringritjen e PD dhe p\u00ebr kthimin e saj n\u00eb pushtet\u201d.<\/p>\n<p>&#8220;E mbani mend shum\u00eb mir\u00eb se k\u00ebtu kemi qen\u00eb t\u00eb gjith\u00eb s\u00eb bashku, drejtues apo ish drejtues t\u00eb Forumit. Dhe sot vijm\u00eb n\u00eb nj\u00eb tjet\u00ebr pozicion me premtime t\u00eb mbajtura nga ana e kryetarit t\u00eb PD q\u00eb kam k\u00ebnaq\u00ebsin\u00eb ta fal\u00ebnderoj sot p\u00ebr pjes\u00ebmarrjen Prof,Dr, Sali Berisha.<\/p>\n<p>Ne ate foltore t\u00eb 7 N\u00ebntorit 2021u fol p\u00ebr promovimin e t\u00eb rinjve p\u00ebr krijimin e hap\u00ebsirave p\u00ebr t\u00eb rinjt\u00eb n\u00eb PD. Ku e gjejn\u00eb veten t\u00eb rinjt\u00eb sot n\u00eb PD. Jan\u00eb plot 58 kandidat\u00eb n\u00ebn mosh\u00ebn 40 vje\u00e7. Q\u00eb jan\u00eb kandidat\u00eb zyrtar\u00eb p\u00ebr deputet\u00eb t\u00eb PD n\u00eb k\u00ebto zgjedhje. Besart Xhaferri sot \u00ebsht\u00eb kandidat\u00eb p\u00ebr deputete dhe do t\u00eb jet\u00eb deputete n\u00eb kuvendin e Shqip\u00ebris\u00eb. Un\u00eb si avokati juaj do t\u00eb jem s\u00ebrish \u00a0n\u00eb kuvendin e Shqip\u00ebris\u00eb, Grigels Mu\u00e7ollari Sekretari i P\u00ebrgjithsh\u00ebm i FRPD n\u00eb at\u00eb foltore \u00ebsht\u00eb sot kandidat p\u00ebr kuvendin e Shqip\u00ebris\u00eb. Lisand\u00ebr Hoxha ish n\u00ebnkryetar i FRPD \u00ebsht\u00eb sot kandidat p\u00ebr kuvendin e Shqip\u00ebris\u00eb&#8230;<\/p>\n<p>Dhe kjo fal\u00eb nj\u00eb vizioni t\u00eb qart\u00eb t\u00eb kreut t\u00eb PD dhe kryeministrit t\u00eb ardhsh\u00ebm doktor Berish\u00ebs, p\u00ebr tu dh\u00ebn\u00eb mund\u00ebsi t\u00eb rinjve, q\u00eb ata t\u00eb mos largohen nga Shqip\u00ebria. N\u00eb m\u00ebnyr\u00eb q\u00eb t\u00eb mos kemi m\u00eb ministri rinie q\u00eb nuk \u00ebsht\u00eb p\u00ebr rinin\u00eb. Ne m\u00ebnyr\u00eb q\u00eb t\u00eb mos kemi m\u00eb ministri pa portofol q\u00eb ka n\u00eb thelb rinin\u00eb por q\u00eb nuk kan\u00eb asnj\u00eb program dhe asnj\u00eb vizion p\u00ebr rinin\u00eb.<\/p>\n<p>N\u00eb sot jemi k\u00ebtu p\u00ebr t\u00eb shpalosur edhe programin q\u00eb ka PD p\u00ebr rinin\u00eb. Nj\u00eb program i hartuar nga t\u00eb rinjt\u00eb e Forumit Rinor, nga t\u00eb rinjt\u00eb e PD dhe q\u00eb do ty\u00eb shpaloset po nga p\u00ebrfaq\u00ebsues t\u00eb PD&#8221;, tha K\u00eblli\u00e7i.<\/p>\n","protected":false},"excerpt":{"rendered":"<p>Opozita ka prezantuar gjat\u00eb mesdit\u00ebs s\u00eb sotme n\u00eb nj\u00eb takim programin p\u00ebr Rinin\u00eb me pjes\u00ebmarrjen e Kryetarit t\u00eb Partis\u00eb Demokratike. Belind K\u00eblli\u00e7i, drejtues politik i PD p\u00ebr Tiran\u00ebn tha se, \u201cpo e vazhdojm\u00eb aty ku e nis\u00ebm me 7 n\u00ebntor t\u00eb vitit 2021 me foltoren e FRPD q\u00eb n\u00eb fakt i dha at\u00eb rit\u00ebm, fuqi &hellip;<\/p>\n","protected":false},"author":4,"featured_media":109122,"comment_status":"closed","ping_status":"closed","sticky":false,"template":"","format":"standard","meta":{"footnotes":""},"categories":[37],"tags":[],"class_list":["post-109121","post","type-post","status-publish","format-standard","has-post-thumbnail","","category-politike"],"_links":{"self":[{"href":"https:\/\/rdnews.al\/index.php\/wp-json\/wp\/v2\/posts\/109121","targetHints":{"allow":["GET"]}}],"collection":[{"href":"https:\/\/rdnews.al\/index.php\/wp-json\/wp\/v2\/posts"}],"about":[{"href":"https:\/\/rdnews.al\/index.php\/wp-json\/wp\/v2\/types\/post"}],"author":[{"embeddable":true,"href":"https:\/\/rdnews.al\/index.php\/wp-json\/wp\/v2\/users\/4"}],"replies":[{"embeddable":true,"href":"https:\/\/rdnews.al\/index.php\/wp-json\/wp\/v2\/comments?post=109121"}],"version-history":[{"count":1,"href":"https:\/\/rdnews.al\/index.php\/wp-json\/wp\/v2\/posts\/109121\/revisions"}],"predecessor-version":[{"id":109123,"href":"https:\/\/rdnews.al\/index.php\/wp-json\/wp\/v2\/posts\/109121\/revisions\/109123"}],"wp:featuredmedia":[{"embeddable":true,"href":"https:\/\/rdnews.al\/index.php\/wp-json\/wp\/v2\/media\/109122"}],"wp:attachment":[{"href":"https:\/\/rdnews.al\/index.php\/wp-json\/wp\/v2\/media?parent=109121"}],"wp:term":[{"taxonomy":"category","embeddable":true,"href":"https:\/\/rdnews.al\/index.php\/wp-json\/wp\/v2\/categories?post=109121"},{"taxonomy":"post_tag","embeddable":true,"href":"https:\/\/rdnews.al\/index.php\/wp-json\/wp\/v2\/tags?post=109121"}],"curies":[{"name":"wp","href":"https:\/\/api.w.org\/{rel}","templated":true}]}}