{"id":109127,"date":"2025-04-02T16:16:41","date_gmt":"2025-04-02T16:16:41","guid":{"rendered":"https:\/\/rdnews.al\/?p=109127"},"modified":"2025-04-02T16:21:07","modified_gmt":"2025-04-02T16:21:07","slug":"berisha-11-maji-shume-i-rendesishem-vendimet-tona-transformojne-vende-dhe-kombe","status":"publish","type":"post","link":"https:\/\/rdnews.al\/index.php\/2025\/04\/02\/berisha-11-maji-shume-i-rendesishem-vendimet-tona-transformojne-vende-dhe-kombe\/","title":{"rendered":"Berisha: 11 Maji shum\u00eb i r\u00ebnd\u00ebsish\u00ebm, vendimet tona transformojn\u00eb vende dhe kombe"},"content":{"rendered":"<p>Kryetari i PD, Sali Berisha i ka cil\u00ebsuar zgjedhjet parlamentrare t\u00eb 11 majit, si tejet t\u00eb r\u00ebnd\u00ebsishme, p\u00ebr shkak se si\u00e7 e cil\u00ebsoi ai, vendimet q\u00eb do t\u00eb marr\u00eb gjith\u00ebsecili do t\u00eb transformojn\u00eb vendet dhe kombet.<\/p>\n<p>Guke folur n\u00eb prezantimin e programit p\u00ebr t\u00eb rinjt\u00eb, nga Tirana, lideri demokrat tha se vendimet e marra ndikojn\u00eb drejtp\u00ebrdrejt\u00eb n\u00eb fatet jo vet\u00ebm t\u00eb njeriut por edhe p\u00ebr vendin dhe at\u00eb q\u00eb ai p\u00ebrfaq\u00ebson.<\/p>\n<p>\u201cT\u00eb dashur miq, p\u00ebr t\u00eb kuptuar r\u00ebnd\u00ebsin\u00eb e dat\u00ebs 11 maj p\u00ebr t\u00eb ardhmen tuaj, un\u00eb k\u00ebt\u00eb fjal\u00eb do ta nis me nj\u00eb histori thjesht personale.<\/p>\n<p>Jo para, pas mosh\u00ebs 40 vje\u00e7are un\u00eb mora nj\u00eb vendim. Dhe dua t\u2019ju them ju k\u00ebtu se vendimi \u00ebsht\u00eb arma m\u00eb e fuqishme e njeriut.<\/p>\n<p>Jeta e njeriut n\u00eb fund t\u00eb fundit \u00ebsht\u00eb nj\u00eb shum\u00ebsi e vendimeve t\u00eb tij. Shum\u00eb prej jush, kur mendojn\u00eb Sali Berish\u00ebn, n\u00eb mend iu vjen Sali Berisha politikan.<\/p>\n<p>Shum\u00eb prej jush mund ta ken\u00eb t\u00eb v\u00ebshtir\u00eb t\u00eb imagjinojn\u00eb Sali Berish\u00ebn me bluz\u00ebn e bardh\u00eb t\u00eb mjekut, apo Sali Berish\u00ebn me stetoskop.<\/p>\n<p>Por e v\u00ebrteta \u00ebsht\u00eb se, m\u00eb shum\u00eb se gjysma e jet\u00ebs sime ka kaluar si mjek dhe kjo, pra, nj\u00eb periudh\u00eb 40 e sa vje\u00e7are.<\/p>\n<p>Karrier\u00ebn politike un\u00eb nuk e nisa n\u00eb mosh\u00ebn e re, e nisa pas t\u00eb 40-tave. Por si ndodhi ky transformim. Ky ndodhi vet\u00ebm nga nj\u00eb vendim. Kaq e thjesht. Nj\u00eb vendim miqt\u00eb e mi. Vendimi erdhi pak vite para se t\u00eb nisja karrier\u00ebn time politike. Dhe ky vendim i shte q\u00eb t\u2019i dilja kund\u00ebr diktatur\u00ebs komuniste. Nj\u00eb vendim jo i leht\u00eb p\u00ebr koh\u00ebn, sepse si\u00e7 thash\u00eb, kisha nj\u00eb karrier\u00eb p\u00ebr koh\u00ebn, isha familjar. Ata q\u00eb kan\u00eb jetuar ato vite e din\u00eb se ky vendim mund t\u00eb ishte nj\u00eb vendim fatal. Por, ai vendim, nj\u00eb vendim i vet\u00ebm ndryshoi \u00e7do gj\u00eb.<\/p>\n<p>Sepse, e v\u00ebrteta \u00ebsht\u00eb se ky vendim, jo vet\u00ebm transformoi jet\u00ebn time n\u00eb mosh\u00ebn 46 vje\u00e7are, por preku dhe shum\u00eb e shum\u00eb jet\u00eb t\u00eb tjera dhe n\u00eb nj\u00eb far\u00eb m\u00ebnyre ndikoi edhe n\u00eb fatin e Shqip\u00ebris\u00eb.<\/p>\n<p>Po t\u00eb mos ishte p\u00ebr k\u00ebt\u00eb vendim, un\u00eb sot ndoshta nuk do isha sot midis jush, por do isha nj\u00eb mjek me karrier\u00eb t\u00eb arrir\u00eb.<\/p>\n<p>Po t\u00eb mos ishte p\u00ebr k\u00ebt\u00eb vendim, po t\u00eb mos ishte vendimi i Azem Hajdarit, tribunit t\u00eb liris\u00eb, po t\u00eb mos ishin vendimet e mij\u00ebra student\u00ebve liberator\u00eb, q\u00eb n\u00eb dhjetor t\u00eb vitit 1990 dol\u00ebn si heronj t\u00eb v\u00ebrtet\u00eb, u ngrit\u00ebn si Sfinksi, nga hiri i nj\u00eb diktature, dhe u p\u00ebrball\u00ebn n\u00eb rrug\u00ebt dhe sheshet e k\u00ebtij kryeqyteti me falangat e diktatur\u00ebs m\u00eb t\u00eb eg\u00ebr. P\u00ebrs\u00ebri, pa ata ndofta, historia jon\u00eb do t\u00eb ishte tjet\u00ebr.<\/p>\n<p>Pra, vendimet transformoj\u00eb fate. Vendimet, transformojn\u00eb koh\u00ebrat. Transformojn\u00eb vendet, transformojn\u00eb kombet\u201d, u shpreh Berisha.<\/p>\n","protected":false},"excerpt":{"rendered":"<p>Kryetari i PD, Sali Berisha i ka cil\u00ebsuar zgjedhjet parlamentrare t\u00eb 11 majit, si tejet t\u00eb r\u00ebnd\u00ebsishme, p\u00ebr shkak se si\u00e7 e cil\u00ebsoi ai, vendimet q\u00eb do t\u00eb marr\u00eb gjith\u00ebsecili do t\u00eb transformojn\u00eb vendet dhe kombet. Guke folur n\u00eb prezantimin e programit p\u00ebr t\u00eb rinjt\u00eb, nga Tirana, lideri demokrat tha se vendimet e marra ndikojn\u00eb &hellip;<\/p>\n","protected":false},"author":4,"featured_media":109132,"comment_status":"closed","ping_status":"closed","sticky":false,"template":"","format":"standard","meta":{"footnotes":""},"categories":[37],"tags":[],"class_list":["post-109127","post","type-post","status-publish","format-standard","has-post-thumbnail","","category-politike"],"_links":{"self":[{"href":"https:\/\/rdnews.al\/index.php\/wp-json\/wp\/v2\/posts\/109127","targetHints":{"allow":["GET"]}}],"collection":[{"href":"https:\/\/rdnews.al\/index.php\/wp-json\/wp\/v2\/posts"}],"about":[{"href":"https:\/\/rdnews.al\/index.php\/wp-json\/wp\/v2\/types\/post"}],"author":[{"embeddable":true,"href":"https:\/\/rdnews.al\/index.php\/wp-json\/wp\/v2\/users\/4"}],"replies":[{"embeddable":true,"href":"https:\/\/rdnews.al\/index.php\/wp-json\/wp\/v2\/comments?post=109127"}],"version-history":[{"count":1,"href":"https:\/\/rdnews.al\/index.php\/wp-json\/wp\/v2\/posts\/109127\/revisions"}],"predecessor-version":[{"id":109129,"href":"https:\/\/rdnews.al\/index.php\/wp-json\/wp\/v2\/posts\/109127\/revisions\/109129"}],"wp:featuredmedia":[{"embeddable":true,"href":"https:\/\/rdnews.al\/index.php\/wp-json\/wp\/v2\/media\/109132"}],"wp:attachment":[{"href":"https:\/\/rdnews.al\/index.php\/wp-json\/wp\/v2\/media?parent=109127"}],"wp:term":[{"taxonomy":"category","embeddable":true,"href":"https:\/\/rdnews.al\/index.php\/wp-json\/wp\/v2\/categories?post=109127"},{"taxonomy":"post_tag","embeddable":true,"href":"https:\/\/rdnews.al\/index.php\/wp-json\/wp\/v2\/tags?post=109127"}],"curies":[{"name":"wp","href":"https:\/\/api.w.org\/{rel}","templated":true}]}}