{"id":109137,"date":"2025-04-02T16:32:09","date_gmt":"2025-04-02T16:32:09","guid":{"rendered":"https:\/\/rdnews.al\/?p=109137"},"modified":"2025-04-03T07:55:13","modified_gmt":"2025-04-03T07:55:13","slug":"berisha-keto-39-dite-i-shpallim-ditet-e-1-shave-mbi-endrrat-e-rinise-ndertohet-shqiperia-madheshtore","status":"publish","type":"post","link":"https:\/\/rdnews.al\/index.php\/2025\/04\/02\/berisha-keto-39-dite-i-shpallim-ditet-e-1-shave-mbi-endrrat-e-rinise-ndertohet-shqiperia-madheshtore\/","title":{"rendered":"Berisha: K\u00ebto 39 dit\u00eb i shpallim dit\u00ebt e 1-shave! Mbi \u00ebndrrat e rinis\u00eb nd\u00ebrtohet \u2018Shqip\u00ebria Madh\u00ebshtore\u2019"},"content":{"rendered":"<p>Kryetari i PD, Sali Berisha u ka premtuar t\u00eb rinjve shqiptar\u00eb, se pas 11 majit program transformues n\u00eb q\u00ebndrimin e shtetit ndaj t\u00eb rinjve, do t\u00eb zbatohet me shpejt\u00ebsi.<\/p>\n<p>Premtimin, Berisha e b\u00ebri gjat\u00eb prezantimit t\u00eb programit p\u00ebr ta, duke theksuar se \u00ebnd\u00ebrrat e rinis\u00eb jan\u00eb \u00ebnd\u00ebrrat mbi t\u00eb cilat nd\u00ebrtohet \u2018Shqip\u00ebria Madh\u00ebshtore\u2019 dhe projekti i \u2018Shqip\u00ebris\u00eb Madh\u00ebshtore\u2019.<\/p>\n<p><strong>Berisha:<\/strong> Un\u00eb jam sot k\u00ebtu p\u00ebr t\u2019u dh\u00ebn\u00eb ju fjal\u00ebn, ju dhe gjith\u00eb t\u00eb rinjve shqiptar\u00eb, se pas 11 majit nj\u00eb program transformues n\u00eb q\u00ebndrimin e shtetit ndaj t\u00eb rinjve, do t\u00eb zbatohet me shpejt\u00ebsi.<\/p>\n<p>Asgj\u00eb nuk mund t\u00eb nd\u00ebrtoj\u00eb nj\u00eb vend me madh\u00ebshti, m\u00eb shum\u00eb se sa nd\u00ebrtimi i \u00ebnd\u00ebrr\u00ebs s\u00eb t\u00eb rinjve t\u00eb k\u00ebtij vendi.<\/p>\n<p>\u00cbnd\u00ebrra juaj, \u00ebnd\u00ebrrat tuaja jan\u00eb \u00ebnd\u00ebrrat mbi t\u00eb cilat nd\u00ebrtohet \u2018Shqip\u00ebria Madh\u00ebshtore\u2019, \u00ebsht\u00eb projekti i \u2018Shqip\u00ebris\u00eb Madh\u00ebshtore\u2019.<\/p>\n<p>Grigelsi dhe Besarti rreshtuan k\u00ebtu nj\u00eb seri premtimesh nga programi p\u00ebr rinin\u00eb. Ju garantoj se, ato do t\u00eb zbatohen pik\u00eb p\u00ebr pik\u00eb.<\/p>\n<p>Do t\u00eb b\u00ebjm\u00eb gjith\u00e7ka q\u00eb Shqip\u00ebria t\u00eb jet\u00eb n\u00eb duart tuaja.<\/p>\n<p>Do t\u00eb b\u00ebjm\u00eb gjith\u00e7ka q\u00eb ju t\u00eb jeni arkitekt\u00ebt e v\u00ebrtet\u00eb t\u00eb Shqip\u00ebris\u00eb Madh\u00ebshtore.<\/p>\n<p>Ndaj dhe ju ftoj k\u00ebto 39 dit\u00eb ti shpallim dit\u00ebt e 1-shave.<\/p>\n<p>1-shat dhe 1-shi jan\u00eb sa hyjnor dhe tok\u00ebsor.<\/p>\n<p>1-shi \u00ebsht\u00eb numri i diellit, q\u00eb ka krijuar gjith\u00ebsin\u00eb.<\/p>\n<p>1-shi \u00ebsht\u00eb numri i fatit q\u00eb p\u00ebrcakton dhe ndan historin\u00eb.<\/p>\n<p>Dhe ju t\u00eb gjith\u00eb jeni 1-shat e v\u00ebrtet\u00eb t\u00eb k\u00ebtij kombi, t\u00eb k\u00ebsaj shoq\u00ebrie, t\u00eb k\u00ebtij vendi.<\/p>\n<p>Rrofshi ju, rroft\u00eb Forumi Rinor dhe rinia shqiptare.<\/p>\n<p>Fitore, fitore, fitore!<\/p>\n","protected":false},"excerpt":{"rendered":"<p>Kryetari i PD, Sali Berisha u ka premtuar t\u00eb rinjve shqiptar\u00eb, se pas 11 majit program transformues n\u00eb q\u00ebndrimin e shtetit ndaj t\u00eb rinjve, do t\u00eb zbatohet me shpejt\u00ebsi. Premtimin, Berisha e b\u00ebri gjat\u00eb prezantimit t\u00eb programit p\u00ebr ta, duke theksuar se \u00ebnd\u00ebrrat e rinis\u00eb jan\u00eb \u00ebnd\u00ebrrat mbi t\u00eb cilat nd\u00ebrtohet \u2018Shqip\u00ebria Madh\u00ebshtore\u2019 dhe projekti &hellip;<\/p>\n","protected":false},"author":4,"featured_media":109192,"comment_status":"closed","ping_status":"closed","sticky":false,"template":"","format":"standard","meta":{"footnotes":""},"categories":[37],"tags":[],"class_list":["post-109137","post","type-post","status-publish","format-standard","has-post-thumbnail","","category-politike"],"_links":{"self":[{"href":"https:\/\/rdnews.al\/index.php\/wp-json\/wp\/v2\/posts\/109137","targetHints":{"allow":["GET"]}}],"collection":[{"href":"https:\/\/rdnews.al\/index.php\/wp-json\/wp\/v2\/posts"}],"about":[{"href":"https:\/\/rdnews.al\/index.php\/wp-json\/wp\/v2\/types\/post"}],"author":[{"embeddable":true,"href":"https:\/\/rdnews.al\/index.php\/wp-json\/wp\/v2\/users\/4"}],"replies":[{"embeddable":true,"href":"https:\/\/rdnews.al\/index.php\/wp-json\/wp\/v2\/comments?post=109137"}],"version-history":[{"count":1,"href":"https:\/\/rdnews.al\/index.php\/wp-json\/wp\/v2\/posts\/109137\/revisions"}],"predecessor-version":[{"id":109139,"href":"https:\/\/rdnews.al\/index.php\/wp-json\/wp\/v2\/posts\/109137\/revisions\/109139"}],"wp:featuredmedia":[{"embeddable":true,"href":"https:\/\/rdnews.al\/index.php\/wp-json\/wp\/v2\/media\/109192"}],"wp:attachment":[{"href":"https:\/\/rdnews.al\/index.php\/wp-json\/wp\/v2\/media?parent=109137"}],"wp:term":[{"taxonomy":"category","embeddable":true,"href":"https:\/\/rdnews.al\/index.php\/wp-json\/wp\/v2\/categories?post=109137"},{"taxonomy":"post_tag","embeddable":true,"href":"https:\/\/rdnews.al\/index.php\/wp-json\/wp\/v2\/tags?post=109137"}],"curies":[{"name":"wp","href":"https:\/\/api.w.org\/{rel}","templated":true}]}}