{"id":109142,"date":"2025-04-02T16:44:00","date_gmt":"2025-04-02T16:44:00","guid":{"rendered":"https:\/\/rdnews.al\/?p=109142"},"modified":"2025-04-02T16:44:00","modified_gmt":"2025-04-02T16:44:00","slug":"pjerin-ndreun-akseson-platformen-e-ndaluar-nga-rama-komentuesit-e-denigrojne-ne-tiktok-ai-i-kallezon","status":"publish","type":"post","link":"https:\/\/rdnews.al\/index.php\/2025\/04\/02\/pjerin-ndreun-akseson-platformen-e-ndaluar-nga-rama-komentuesit-e-denigrojne-ne-tiktok-ai-i-kallezon\/","title":{"rendered":"Pjerin Ndreun akseson platform\u00ebn e ndaluar nga Rama, komentuesit e denigrojn\u00eb n\u00eb TikTok, ai i kall\u00ebzon"},"content":{"rendered":"<p>Kryetari i Bashkis\u00eb s\u00eb Lezh\u00ebs, Pjerin Ndreu dhe kandidati p\u00ebr deputet i Partis\u00eb Socialiste n\u00eb Lezh\u00eb, Admir Kadeli kall\u00ebzuan n\u00eb polici nj\u00eb llogari anonime n\u00eb TikTok, q\u00eb shp\u00ebrndan foto dhe video t\u00eb montuara me p\u00ebrshkrime fyese dhe denigruese ndaj tyre.<\/p>\n<p>Rasti u denoncua nga Pjerin Ndreu edhe p\u00ebrmes nj\u00eb postimi n\u00eb Facebook.<\/p>\n<p>\u201cUn\u00eb e marr me mend se kush jeni! Por do t\u2019ua zbardh fytyr\u00ebn e zez\u00eb,\u201d paralajm\u00ebroi Ndreu.<\/p>\n<p>Edhe pse Rama e mbylli TikTok-un p\u00ebr nj\u00eb periudh\u00eb 1-vje\u00e7are, shum\u00eb p\u00ebrdorues e aksesojn\u00eb at\u00eb p\u00ebrmes aplikacionit VPN, e po ashtu edhe socialisti Pjerin Ndreu i cili duket se nuk u bindet vendimeve t\u00eb liderit t\u00eb tij.<\/p>\n<p><img loading=\"lazy\" decoding=\"async\" class=\"alignnone size-medium wp-image-109144\" src=\"https:\/\/rdnews.al\/wp-content\/uploads\/2025\/04\/nn-300x280.jpg\" alt=\"\" width=\"300\" height=\"280\" srcset=\"https:\/\/rdnews.al\/wp-content\/uploads\/2025\/04\/nn-300x280.jpg 300w, https:\/\/rdnews.al\/wp-content\/uploads\/2025\/04\/nn.jpg 736w\" sizes=\"auto, (max-width: 300px) 100vw, 300px\" \/><\/p>\n","protected":false},"excerpt":{"rendered":"<p>Kryetari i Bashkis\u00eb s\u00eb Lezh\u00ebs, Pjerin Ndreu dhe kandidati p\u00ebr deputet i Partis\u00eb Socialiste n\u00eb Lezh\u00eb, Admir Kadeli kall\u00ebzuan n\u00eb polici nj\u00eb llogari anonime n\u00eb TikTok, q\u00eb shp\u00ebrndan foto dhe video t\u00eb montuara me p\u00ebrshkrime fyese dhe denigruese ndaj tyre. Rasti u denoncua nga Pjerin Ndreu edhe p\u00ebrmes nj\u00eb postimi n\u00eb Facebook. \u201cUn\u00eb e marr &hellip;<\/p>\n","protected":false},"author":4,"featured_media":109143,"comment_status":"closed","ping_status":"closed","sticky":false,"template":"","format":"standard","meta":{"footnotes":""},"categories":[37],"tags":[],"class_list":["post-109142","post","type-post","status-publish","format-standard","has-post-thumbnail","","category-politike"],"_links":{"self":[{"href":"https:\/\/rdnews.al\/index.php\/wp-json\/wp\/v2\/posts\/109142","targetHints":{"allow":["GET"]}}],"collection":[{"href":"https:\/\/rdnews.al\/index.php\/wp-json\/wp\/v2\/posts"}],"about":[{"href":"https:\/\/rdnews.al\/index.php\/wp-json\/wp\/v2\/types\/post"}],"author":[{"embeddable":true,"href":"https:\/\/rdnews.al\/index.php\/wp-json\/wp\/v2\/users\/4"}],"replies":[{"embeddable":true,"href":"https:\/\/rdnews.al\/index.php\/wp-json\/wp\/v2\/comments?post=109142"}],"version-history":[{"count":1,"href":"https:\/\/rdnews.al\/index.php\/wp-json\/wp\/v2\/posts\/109142\/revisions"}],"predecessor-version":[{"id":109145,"href":"https:\/\/rdnews.al\/index.php\/wp-json\/wp\/v2\/posts\/109142\/revisions\/109145"}],"wp:featuredmedia":[{"embeddable":true,"href":"https:\/\/rdnews.al\/index.php\/wp-json\/wp\/v2\/media\/109143"}],"wp:attachment":[{"href":"https:\/\/rdnews.al\/index.php\/wp-json\/wp\/v2\/media?parent=109142"}],"wp:term":[{"taxonomy":"category","embeddable":true,"href":"https:\/\/rdnews.al\/index.php\/wp-json\/wp\/v2\/categories?post=109142"},{"taxonomy":"post_tag","embeddable":true,"href":"https:\/\/rdnews.al\/index.php\/wp-json\/wp\/v2\/tags?post=109142"}],"curies":[{"name":"wp","href":"https:\/\/api.w.org\/{rel}","templated":true}]}}