{"id":109154,"date":"2025-04-02T17:09:39","date_gmt":"2025-04-02T17:09:39","guid":{"rendered":"https:\/\/rdnews.al\/?p=109154"},"modified":"2025-04-02T17:10:34","modified_gmt":"2025-04-02T17:10:34","slug":"berisha-edukimi-sportiv-i-nxenesve-do-te-jete-shtylle-kryesore-e-arsimit-do-mbeshteten-edhe-sportet-e-tjera-jo-vetem-futbolli","status":"publish","type":"post","link":"https:\/\/rdnews.al\/index.php\/2025\/04\/02\/berisha-edukimi-sportiv-i-nxenesve-do-te-jete-shtylle-kryesore-e-arsimit-do-mbeshteten-edhe-sportet-e-tjera-jo-vetem-futbolli\/","title":{"rendered":"Edukimi sportiv i nx\u00ebn\u00ebsve do t\u00eb jet\u00eb shtyll\u00eb kryesore e arsimit! Do mb\u00ebshteten edhe sportet e tjera, jo vet\u00ebm futbolli"},"content":{"rendered":"<p>Kryetari i Partis\u00eb Demokratike, Sali Berisha n\u00eb prezantimin e programit p\u00ebr sportin t\u00eb \u2018PD-Shqip\u00ebria Madh\u00ebshtore\u2019 ka v\u00ebn\u00eb theksin edhe tek edukimi sportiv i nx\u00ebn\u00ebsve n\u00eb shkoll\u00eb, q\u00eb sipas tij do t\u00eb jet\u00eb nj\u00eb shtyll\u00eb kryesore sistemit arsimor.<\/p>\n<p>Berisha tha gjat\u00eb fjal\u00ebs s\u00eb tij, se qeveria do t\u00eb mb\u00ebshtes\u00eb edhe sporte t\u00eb tjera, e jo vet\u00ebm futbolli, edhe pse ky i fundit \u00ebsht\u00eb m\u00eb i famshmi nd\u00ebr sportet.<\/p>\n<p>\u201cPartia Demokratike e konsideron sportin dhe edukimin t\u00eb pandar\u00eb nga nj\u00ebri-tjetri.<\/p>\n<p>Edukimi sportiv i nx\u00ebn\u00ebsve, i t\u00eb rinjve do t\u00eb jet\u00eb shtyll\u00eb kryesore e sistemit ton\u00eb arsimor.<\/p>\n<p>\u00cbsht\u00eb sot e njohur se \u00e7far\u00eb r\u00ebnd\u00ebsie ka n\u00eb suksesin, n\u00eb rezultatin e individit, performanca e tij, p\u00ebrgatitja e tij psikologjike dhe fizike.<\/p>\n<p>T\u00eb dyja k\u00ebto t\u00eb lidhura shum\u00eb me sportin.<\/p>\n<p>Deg\u00ebt e sportit do t\u00eb gjejn\u00eb mb\u00ebshtetje, stimuj, jo duke i shpallur kapiten\u00eb apo kolonel\u00eb me paleta, por duke u shp\u00ebrblyer pa i militarizuar ata apo ato p\u00ebr t\u00eb gjith\u00eb merit\u00ebn q\u00eb kan\u00eb.<\/p>\n<p>Duke shprehur mir\u00ebnjohjen p\u00ebr p\u00ebrfaq\u00ebsimin e tyre p\u00ebr kombin, flamurin n\u00eb gara dhe ndeshje nd\u00ebrkomb\u00ebtare.<\/p>\n<p>Sigurisht q\u00eb futbolli mbetet sporti m\u00eb popullor.<\/p>\n<p>Por kjo nuk do t\u00eb thot\u00eb q\u00eb t\u00eb eklipsohen, t\u00eb injorohen sportet e tjera dhe mb\u00ebshtetja p\u00ebr sportet e tjera.<\/p>\n<p>Jo! Do vendoset nj\u00eb proporcion i pranuesh\u00ebm dhe i drejt\u00eb n\u00eb mb\u00ebshtetjen e qeveris\u00eb dhe ministris\u00eb s\u00eb sporteve ndaj formave t\u00eb tjera t\u00eb sportit p\u00ebrve\u00e7 futbollit.<\/p>\n<p>Shqip\u00ebria, pavar\u00ebsisht v\u00ebshtir\u00ebsive t\u00eb saj, por ka arritur maja evropiane dhe bot\u00ebrore dhe ky \u00ebsht\u00eb fakt i pamohuesh\u00ebm jo n\u00eb nj\u00eb, por n\u00eb disa sporte t\u00eb tjera.<\/p>\n<p>Ndaj dhe ne i q\u00ebndrojm\u00eb mb\u00ebshtetjes s\u00eb fuqishme dhe p\u00ebrjashtimit t\u00eb mb\u00ebshtetjeve t\u00eb nj\u00ebanshme n\u00eb financime dhe mb\u00ebshtetje t\u00eb tjera p\u00ebr lloje t\u00eb ndryshme t\u00eb sportit\u201d, tha Berisha.<\/p>\n","protected":false},"excerpt":{"rendered":"<p>Kryetari i Partis\u00eb Demokratike, Sali Berisha n\u00eb prezantimin e programit p\u00ebr sportin t\u00eb \u2018PD-Shqip\u00ebria Madh\u00ebshtore\u2019 ka v\u00ebn\u00eb theksin edhe tek edukimi sportiv i nx\u00ebn\u00ebsve n\u00eb shkoll\u00eb, q\u00eb sipas tij do t\u00eb jet\u00eb nj\u00eb shtyll\u00eb kryesore sistemit arsimor. Berisha tha gjat\u00eb fjal\u00ebs s\u00eb tij, se qeveria do t\u00eb mb\u00ebshtes\u00eb edhe sporte t\u00eb tjera, e jo vet\u00ebm &hellip;<\/p>\n","protected":false},"author":4,"featured_media":109155,"comment_status":"closed","ping_status":"closed","sticky":false,"template":"","format":"standard","meta":{"footnotes":""},"categories":[37],"tags":[],"class_list":["post-109154","post","type-post","status-publish","format-standard","has-post-thumbnail","","category-politike"],"_links":{"self":[{"href":"https:\/\/rdnews.al\/index.php\/wp-json\/wp\/v2\/posts\/109154","targetHints":{"allow":["GET"]}}],"collection":[{"href":"https:\/\/rdnews.al\/index.php\/wp-json\/wp\/v2\/posts"}],"about":[{"href":"https:\/\/rdnews.al\/index.php\/wp-json\/wp\/v2\/types\/post"}],"author":[{"embeddable":true,"href":"https:\/\/rdnews.al\/index.php\/wp-json\/wp\/v2\/users\/4"}],"replies":[{"embeddable":true,"href":"https:\/\/rdnews.al\/index.php\/wp-json\/wp\/v2\/comments?post=109154"}],"version-history":[{"count":2,"href":"https:\/\/rdnews.al\/index.php\/wp-json\/wp\/v2\/posts\/109154\/revisions"}],"predecessor-version":[{"id":109157,"href":"https:\/\/rdnews.al\/index.php\/wp-json\/wp\/v2\/posts\/109154\/revisions\/109157"}],"wp:featuredmedia":[{"embeddable":true,"href":"https:\/\/rdnews.al\/index.php\/wp-json\/wp\/v2\/media\/109155"}],"wp:attachment":[{"href":"https:\/\/rdnews.al\/index.php\/wp-json\/wp\/v2\/media?parent=109154"}],"wp:term":[{"taxonomy":"category","embeddable":true,"href":"https:\/\/rdnews.al\/index.php\/wp-json\/wp\/v2\/categories?post=109154"},{"taxonomy":"post_tag","embeddable":true,"href":"https:\/\/rdnews.al\/index.php\/wp-json\/wp\/v2\/tags?post=109154"}],"curies":[{"name":"wp","href":"https:\/\/api.w.org\/{rel}","templated":true}]}}