{"id":109193,"date":"2025-04-03T08:00:57","date_gmt":"2025-04-03T08:00:57","guid":{"rendered":"https:\/\/rdnews.al\/?p=109193"},"modified":"2025-04-03T08:00:57","modified_gmt":"2025-04-03T08:00:57","slug":"bregdeti-raporti-ska-strategji-per-menaxhimin-e-integruar-plazhet-publike-skane-perparesi","status":"publish","type":"post","link":"https:\/\/rdnews.al\/index.php\/2025\/04\/03\/bregdeti-raporti-ska-strategji-per-menaxhimin-e-integruar-plazhet-publike-skane-perparesi\/","title":{"rendered":"Bregdeti\/ Raporti: S\u2019ka strategji p\u00ebr menaxhimin e integruar, plazhet publik\u00eb s\u2019kan\u00eb p\u00ebrpar\u00ebsi"},"content":{"rendered":"<p>Nga Jugu n\u00eb Veri, Shqip\u00ebria ka nj\u00eb vij\u00eb bregdetare q\u00eb kalon 300 kilometra gjat\u00ebsi por pavar\u00ebsisht k\u00ebsaj, nj\u00eb strategji efektive p\u00ebr menaxhimin e integruar t\u00eb saj mungon.<\/p>\n<p>Kontrolli i Lart\u00eb i Shtetit vler\u00ebson n\u00eb nj\u00eb auditim q\u00eb ndalet kryesisht n\u00eb menaxhimin e hap\u00ebsirave publike dhe plazheve se problematikat q\u00eb lidhen me bregdetin nuk kan\u00eb t\u00eb b\u00ebjn\u00eb vet\u00ebm me dokumentet thelb\u00ebsor\u00eb t\u00eb saj. Ajo q\u00eb vihet re \u00ebsht\u00eb edhe nj\u00eb mbivendosje detyrash n\u00eb institucione t\u00eb ndryshme, fusha e t\u00eb cil\u00ebve \u00ebsht\u00eb marr\u00eb n\u00eb analizim.<\/p>\n<p>\u201cMungesa e nj\u00eb strategjie komb\u00ebtare p\u00ebr menaxhimin e integruar t\u00eb bregdetit, mungesa e kuadrit ligjor p\u00ebr t\u2019i dh\u00ebn\u00eb status juridik t\u00eb ve\u00e7ant\u00eb zon\u00ebs bregdetare (edhe pse problematik\u00eb e evidentuar prej vitesh), cenon efektivitetin e mekanizmit t\u00eb ngritur p\u00ebr menaxhimin e hap\u00ebsirave publike n\u00eb plazhe.<\/p>\n<p>Mbivendosja e funksioneve t\u00eb disa institucioneve q\u00eb kan\u00eb role t\u00eb ngjashme ose mbivendosja e veprimtaris\u00eb s\u00eb tyre n\u00eb disa aspekte si mbik\u00ebqyrja e cil\u00ebsis\u00eb s\u00eb sh\u00ebrbimeve, inspektimi p\u00ebr higjien\u00ebn etj., mund t\u00eb shkaktoj\u00eb dublim t\u00eb procedurave, ose procese t\u00eb panevojshme me pasoja n\u00eb cil\u00ebsin\u00eb e sh\u00ebrbimit\u201d thuhet n\u00eb mesazhin p\u00ebrmbledh\u00ebs t\u00eb k\u00ebtij auditimi.<\/p>\n<p>Nj\u00eb tjet\u00ebr \u00e7\u00ebshtje q\u00eb preket \u00ebsht\u00eb ajo lidhur me raportin e plazheve publike dhe atyre private, nj\u00eb debat q\u00eb n\u00eb fakt z\u00eb vend \u00e7do sezon veror.<\/p>\n<p>Vitin e shkuar madje kjo u b\u00eb problematike ku zaptimi i plazheve me \u00e7mime stratosferike shezlonesh u b\u00eb viral n\u00eb rrjete sociale nga t\u00eb huajt t\u00eb cil\u00ebt vizituan Shqip\u00ebrin\u00eb. N\u00eb fakt sipas kuadrit ligjor bashkit\u00eb duhet t\u00eb len\u00eb nj\u00eb pjes\u00eb t\u00eb vij\u00ebs bregdetare si plazh publik di\u00e7ka q\u00eb respektohet n\u00eb nivele t\u00eb paqarta dhe duket se pik\u00ebrisht k\u00ebt\u00eb thekson edhe KLSH.<\/p>\n<p>\u201cRaporti 30% i plazheve publik\u00eb ndaj sip\u00ebrfaqes s\u00eb plazheve, nuk \u00ebsht\u00eb trajtuar me p\u00ebrpar\u00ebsi dhe \u00ebsht\u00eb i pav\u00ebrtetuesh\u00ebm n\u00eb terren, pasi aplikohet mbi gjith\u00eb sip\u00ebrfaqen territoriale t\u00eb plazheve dhe jo e ndar\u00eb p\u00ebr \u00e7do zon\u00eb. Plazhet e dedikuar p\u00ebr publikun nuk plot\u00ebsojn\u00eb standardet e p\u00ebrcaktuara n\u00eb VKM-s\u00eb 171\/2019 \u201cP\u00ebr miratimin e rregullores \u201cP\u00ebr kushtet dhe kriteret e ushtrimit t\u00eb veprimtaris\u00eb s\u00eb stacionit t\u00eb plazhit\u201d, i ndryshuar, lidhur me sigurin\u00eb dhe cil\u00ebsin\u00eb e tyre.<\/p>\n<p>Iniciativat p\u00ebr ndryshime n\u00eb kuadrin ligjor dhe rregullator t\u00eb hap\u00ebsirave publike n\u00eb plazhe nuk bazohen n\u00eb analiza kosto p\u00ebrfitim dhe studime, p\u00ebr pasoj\u00eb rezultojn\u00eb struktura t\u00eb munguara n\u00eb bashkit\u00eb bregdetare, tarifa p\u00ebr z\u00ebnien e hap\u00ebsir\u00ebs publike t\u00eb parishikuara prej vitesh, munges\u00eb fondesh t\u00eb dedikuara p\u00ebr menaxhimin e plazheve, munges\u00eb koordinimi mes institucioneve, struktura t\u00eb cunguara dhe jo t\u00eb p\u00ebrshtatshme p\u00ebr monitorimin dhe inspektimin e tyre\u201d thuhet n\u00eb auditim.<\/p>\n<p>I nj\u00ebjti thekson se vler\u00ebsimi i situat\u00ebs aktuale t\u00eb plazheve dhe mekanizmit t\u00eb ngritur p\u00ebr menaxhimin e tyre nga ana e institucioneve p\u00ebrgjegj\u00ebse, do t\u00eb siguronte nj\u00eb qasje publike t\u00eb drejt\u00eb dhe t\u00eb q\u00ebndrueshme n\u00eb plazhe dhe nj\u00eb mund\u00ebsi t\u00eb mir\u00eb p\u00ebr t\u00eb p\u00ebrmbushur potencialin e plot\u00eb turistik t\u00eb k\u00ebtyre zonave n\u00eb funksion t\u00eb taksapaguesve dhe qytetar\u00ebve shqiptar\u00eb\u201d.<\/p>\n<p>\/<strong><a href=\"https:\/\/monitor.al\/bregdeti-raporti-ska-strategji-per-menaxhimin-e-integruar-plazhet-publike-skane-perparesi\/\" target=\"_blank\" rel=\"noopener\">MONITOR<\/a><\/strong><\/p>\n","protected":false},"excerpt":{"rendered":"<p>Nga Jugu n\u00eb Veri, Shqip\u00ebria ka nj\u00eb vij\u00eb bregdetare q\u00eb kalon 300 kilometra gjat\u00ebsi por pavar\u00ebsisht k\u00ebsaj, nj\u00eb strategji efektive p\u00ebr menaxhimin e integruar t\u00eb saj mungon. Kontrolli i Lart\u00eb i Shtetit vler\u00ebson n\u00eb nj\u00eb auditim q\u00eb ndalet kryesisht n\u00eb menaxhimin e hap\u00ebsirave publike dhe plazheve se problematikat q\u00eb lidhen me bregdetin nuk kan\u00eb t\u00eb &hellip;<\/p>\n","protected":false},"author":4,"featured_media":109194,"comment_status":"closed","ping_status":"closed","sticky":false,"template":"","format":"standard","meta":{"footnotes":""},"categories":[37],"tags":[],"class_list":["post-109193","post","type-post","status-publish","format-standard","has-post-thumbnail","","category-politike"],"_links":{"self":[{"href":"https:\/\/rdnews.al\/index.php\/wp-json\/wp\/v2\/posts\/109193","targetHints":{"allow":["GET"]}}],"collection":[{"href":"https:\/\/rdnews.al\/index.php\/wp-json\/wp\/v2\/posts"}],"about":[{"href":"https:\/\/rdnews.al\/index.php\/wp-json\/wp\/v2\/types\/post"}],"author":[{"embeddable":true,"href":"https:\/\/rdnews.al\/index.php\/wp-json\/wp\/v2\/users\/4"}],"replies":[{"embeddable":true,"href":"https:\/\/rdnews.al\/index.php\/wp-json\/wp\/v2\/comments?post=109193"}],"version-history":[{"count":1,"href":"https:\/\/rdnews.al\/index.php\/wp-json\/wp\/v2\/posts\/109193\/revisions"}],"predecessor-version":[{"id":109195,"href":"https:\/\/rdnews.al\/index.php\/wp-json\/wp\/v2\/posts\/109193\/revisions\/109195"}],"wp:featuredmedia":[{"embeddable":true,"href":"https:\/\/rdnews.al\/index.php\/wp-json\/wp\/v2\/media\/109194"}],"wp:attachment":[{"href":"https:\/\/rdnews.al\/index.php\/wp-json\/wp\/v2\/media?parent=109193"}],"wp:term":[{"taxonomy":"category","embeddable":true,"href":"https:\/\/rdnews.al\/index.php\/wp-json\/wp\/v2\/categories?post=109193"},{"taxonomy":"post_tag","embeddable":true,"href":"https:\/\/rdnews.al\/index.php\/wp-json\/wp\/v2\/tags?post=109193"}],"curies":[{"name":"wp","href":"https:\/\/api.w.org\/{rel}","templated":true}]}}