{"id":109237,"date":"2025-04-03T12:00:07","date_gmt":"2025-04-03T12:00:07","guid":{"rendered":"https:\/\/rdnews.al\/?p=109237"},"modified":"2025-04-03T12:03:16","modified_gmt":"2025-04-03T12:03:16","slug":"berisha-kultura-eshte-me-keq-se-ne-cdo-pushtim-arti-i-rames-u-vleresua-si-shkarravina-te-nje-adoleshenti-te-droguar","status":"publish","type":"post","link":"https:\/\/rdnews.al\/index.php\/2025\/04\/03\/berisha-kultura-eshte-me-keq-se-ne-cdo-pushtim-arti-i-rames-u-vleresua-si-shkarravina-te-nje-adoleshenti-te-droguar\/","title":{"rendered":"Kultura \u00ebsht\u00eb m\u00eb keq se n\u00eb \u00e7do pushtim! Arti i Ram\u00ebs u vler\u00ebsua si \u201cshkarravina t\u00eb nj\u00eb adoleshenti t\u00eb droguar\u201d!"},"content":{"rendered":"<p>Kryetari i Partis\u00eb Demokratike, Sali Berisha ka kritikuar ashp\u00ebr gjendjen e kultur\u00ebs shqiptare, duke e cil\u00ebsuar at\u00eb m\u00eb keq se n\u00eb \u00e7do periudh\u00eb pushtimi t\u00eb m\u00ebparsh\u00ebm.<\/p>\n<p>N\u00eb konferenc\u00ebn e mbajtur me gazetar\u00ebt k\u00ebt\u00eb t\u00eb enjte, Berisha tha se mafia politike n\u00eb pushtet ka \u00e7uar n\u00eb shkat\u00ebrrimin e infrastruktur\u00ebs kulturore t\u00eb vendit, duke theksuar se ky \u00ebsht\u00eb nj\u00eb sulm ndaj trash\u00ebgimis\u00eb komb\u00ebtare dhe artit.<\/p>\n<p>\u201cSot para jush do t\u00eb paraqes vizionin dhe programin e PD p\u00ebr kultur\u00ebn.<\/p>\n<p>Situata e kultur\u00ebs shqiptare \u00ebsht\u00eb m\u00eb keq se n\u00eb \u00e7do pushtim q\u00eb mund t\u00eb ket\u00eb pasur Shqip\u00ebria.<\/p>\n<p>Mafia politike n\u00eb pushtet, p\u00ebr arsye mafioze dhe antishqiptare, ka shkat\u00ebrruar t\u00eb gjith\u00eb infrastruktur\u00ebn q\u00eb ekzistonte dhe q\u00eb ekziston n\u00eb \u00e7do kryeqytet t\u00eb bot\u00ebs p\u00ebr artin dhe kultur\u00ebn, p\u00ebrve\u00e7 teatrit t\u00eb oper\u00ebs dhe baletit.<\/p>\n<p>Rrafshimi i teatrit komb\u00ebtar n\u00eb nj\u00eb akt genocidal ndaj kultur\u00ebs komb\u00ebtare, i nj\u00ebjti fat me kinemat\u00eb, me teatrot e f\u00ebmij\u00ebve dhe institucione t\u00eb tjera t\u00eb kultur\u00ebs, jan\u00eb d\u00ebshmi e q\u00ebndrimit p\u00ebr\u00e7mues t\u00eb narkoeksponent\u00ebve ndaj kultur\u00ebs shqiptare.<\/p>\n<p>Buxheti p\u00ebr kultur\u00ebn \u00ebsht\u00eb buxheti m\u00eb qesharak.<\/p>\n<p>Trash\u00ebgimia kulturore \u00ebsht\u00eb objekt agresioni barbar t\u00eb gjithansh\u00ebm nga mafia shqiptare dhe nd\u00ebrkomb\u00ebtare.<\/p>\n<p>Shqip\u00ebria \u00ebsht\u00eb nj\u00eb nga vendet m\u00eb t\u00eb pasura n\u00eb bot\u00eb n\u00eb trash\u00ebgimin\u00eb kulturore. Ajo po p\u00ebrfundon n\u00eb partneritetet mafioze dhe shkat\u00ebrrimtare p\u00ebr k\u00ebt\u00eb pasuri.<\/p>\n<p>Artist\u00ebt jan\u00eb sot njer\u00ebzit m\u00eb t\u00eb braktisur, m\u00eb t\u00eb pamb\u00ebshtetur.<\/p>\n<p>Jeta artistike n\u00eb kryeqendrat ton\u00eb \u00ebsht\u00eb pothuaj inekzistente.<\/p>\n<p>Aktivitete t\u00eb p\u00ebrvitshme, n\u00eb t\u00eb cilat piktor\u00eb dhe skulptor\u00eb, njer\u00ebz t\u00eb arteve pamore, paraqisnin krijimet e tyre, nuk ekzistojn\u00eb m\u00eb.<\/p>\n<p>Galeria e arteve u dyllos pa nj\u00eb aktivitet.<\/p>\n<p>N\u00eb Shqip\u00ebri flitet p\u00ebr artin vet\u00ebm p\u00ebr shkarravinat e Edi Ram\u00ebs, t\u00eb cilat nuk pan\u00eb kurr\u00eb drit\u00eb para se ai t\u00eb b\u00ebhej kryeminist\u00ebr.<\/p>\n<p>Mos harroni se n\u00eb aktin e par\u00eb, pasi mori kryeministrin\u00eb, ai u paraqit n\u00eb bienalen e Venecias duke shfryt\u00ebzuar postin dhe aty mori damk\u00ebn nga kritik\u00eb t\u00eb shquar t\u00eb artit, vler\u00ebsimin si shkarravina t\u00eb nj\u00eb adoleshenti t\u00eb droguar.<\/p>\n<p>Po, jan\u00eb dy gazetar\u00eb t\u00eb famsh\u00ebm italian\u00eb q\u00eb b\u00ebn\u00eb k\u00ebt\u00eb vler\u00ebsim p\u00ebr Edi Ram\u00ebn.<\/p>\n<p>Dhe p\u00ebrfaq\u00ebsim m\u00eb n\u00eb artin kontemporan nga artist\u00eb shqiptar\u00eb nuk d\u00ebgjon sepse nuk kan\u00eb k\u00ebtu asnj\u00eb lloj mb\u00ebshtetje, asnj\u00eb lloj mund\u00ebsie, megjith\u00ebse ka midis tyre talente t\u00eb m\u00ebdha, talente t\u00eb v\u00ebrteta\u201d, u shpreh Berisha.<\/p>\n<p>&nbsp;<\/p>\n","protected":false},"excerpt":{"rendered":"<p>Kryetari i Partis\u00eb Demokratike, Sali Berisha ka kritikuar ashp\u00ebr gjendjen e kultur\u00ebs shqiptare, duke e cil\u00ebsuar at\u00eb m\u00eb keq se n\u00eb \u00e7do periudh\u00eb pushtimi t\u00eb m\u00ebparsh\u00ebm. N\u00eb konferenc\u00ebn e mbajtur me gazetar\u00ebt k\u00ebt\u00eb t\u00eb enjte, Berisha tha se mafia politike n\u00eb pushtet ka \u00e7uar n\u00eb shkat\u00ebrrimin e infrastruktur\u00ebs kulturore t\u00eb vendit, duke theksuar se ky &hellip;<\/p>\n","protected":false},"author":4,"featured_media":109241,"comment_status":"closed","ping_status":"closed","sticky":false,"template":"","format":"standard","meta":{"footnotes":""},"categories":[37],"tags":[],"class_list":["post-109237","post","type-post","status-publish","format-standard","has-post-thumbnail","","category-politike"],"_links":{"self":[{"href":"https:\/\/rdnews.al\/index.php\/wp-json\/wp\/v2\/posts\/109237","targetHints":{"allow":["GET"]}}],"collection":[{"href":"https:\/\/rdnews.al\/index.php\/wp-json\/wp\/v2\/posts"}],"about":[{"href":"https:\/\/rdnews.al\/index.php\/wp-json\/wp\/v2\/types\/post"}],"author":[{"embeddable":true,"href":"https:\/\/rdnews.al\/index.php\/wp-json\/wp\/v2\/users\/4"}],"replies":[{"embeddable":true,"href":"https:\/\/rdnews.al\/index.php\/wp-json\/wp\/v2\/comments?post=109237"}],"version-history":[{"count":2,"href":"https:\/\/rdnews.al\/index.php\/wp-json\/wp\/v2\/posts\/109237\/revisions"}],"predecessor-version":[{"id":109240,"href":"https:\/\/rdnews.al\/index.php\/wp-json\/wp\/v2\/posts\/109237\/revisions\/109240"}],"wp:featuredmedia":[{"embeddable":true,"href":"https:\/\/rdnews.al\/index.php\/wp-json\/wp\/v2\/media\/109241"}],"wp:attachment":[{"href":"https:\/\/rdnews.al\/index.php\/wp-json\/wp\/v2\/media?parent=109237"}],"wp:term":[{"taxonomy":"category","embeddable":true,"href":"https:\/\/rdnews.al\/index.php\/wp-json\/wp\/v2\/categories?post=109237"},{"taxonomy":"post_tag","embeddable":true,"href":"https:\/\/rdnews.al\/index.php\/wp-json\/wp\/v2\/tags?post=109237"}],"curies":[{"name":"wp","href":"https:\/\/api.w.org\/{rel}","templated":true}]}}