{"id":109242,"date":"2025-04-03T13:30:16","date_gmt":"2025-04-03T13:30:16","guid":{"rendered":"https:\/\/rdnews.al\/?p=109242"},"modified":"2025-04-03T13:30:30","modified_gmt":"2025-04-03T13:30:30","slug":"berisha-kultura-do-kete-ministrine-e-saj-do-dyfishohet-buxheti-dhe-do-lehtesohen-taksat-mbi-librin","status":"publish","type":"post","link":"https:\/\/rdnews.al\/index.php\/2025\/04\/03\/berisha-kultura-do-kete-ministrine-e-saj-do-dyfishohet-buxheti-dhe-do-lehtesohen-taksat-mbi-librin\/","title":{"rendered":"Kultura do ket\u00eb ministrin\u00eb e saj! Do dyfishohet buxheti dhe do leht\u00ebsohen taksat mbi librin"},"content":{"rendered":"<p>Kryetari i PD, Sali Berisha, n\u00eb konferenc\u00ebn me gazetar\u00ebt prezantoi programin p\u00ebr artin dhe kultur\u00ebn, duke theksuar se nj\u00eb nga prioritetet e qeveris\u00eb s\u00eb ardhshme do t\u00eb jet\u00eb themelimi i nj\u00eb Ministrie t\u00eb Posa\u00e7me p\u00ebr Kultur\u00ebn.<\/p>\n<p>Berisha ka garantuar se buxheti p\u00ebr kultur\u00ebn do t\u00eb dyfishohet dhe do t\u00eb nd\u00ebrmerren masa p\u00ebr leht\u00ebsimin e taksave mbi librin, p\u00ebr t\u00eb mb\u00ebshtetur m\u00eb shum\u00eb krijimin dhe p\u00ebrhapjen e librit shqiptar. Berisha ka theksuar gjithashtu se, pas 12 viteve n\u00eb harres\u00eb, kultura dhe arti do t\u00eb ken\u00eb nj\u00eb trajtim t\u00eb ri dhe m\u00eb t\u00eb merituar, duke garantuar nj\u00eb reform\u00eb t\u00eb thell\u00eb n\u00eb sektorin e kultur\u00ebs dhe artit.<\/p>\n<p>\u201cP\u00ebr t\u00eb gjitha k\u00ebto, PD zotohet t\u2019i kushtoj\u00eb nj\u00eb r\u00ebnd\u00ebsi par\u00ebsore artit dhe kultur\u00ebs si element\u00eb m\u00eb thelb\u00ebsor\u00eb t\u00eb identitetit ton\u00eb komb\u00ebtar.<\/p>\n<p>Ne shqiptar\u00ebt, nj\u00eb komb plurireligjioz, n\u00eb rast se t\u00eb tjer\u00ebt kan\u00eb identitet besimin fetar, ne identitet komb\u00ebtar kemi kultur\u00ebn dhe gjuh\u00ebn,<\/p>\n<p>Dhe nuk \u00ebsht\u00eb e rastit q\u00eb kjo shp\u00ebrfillje e madhe q\u00eb i b\u00ebhet kultur\u00ebs dhe artit, t\u00eb ken\u00eb prapamendim, t\u00eb ket\u00eb synim pik\u00ebrisht identitetin komb\u00ebtar.<\/p>\n<p>Ndaj dhe jam k\u00ebtu p\u00ebr t\u00eb garantuar artist\u00ebt dhe t\u00eb gjith\u00eb bot\u00ebn e artit dhe t\u00eb kultur\u00ebs, se qeveria e ardhshme do t\u00eb adaptoj\u00eb nj\u00eb q\u00ebndrim totalisht transformues t\u00eb k\u00ebsaj situate.<\/p>\n<p>S\u00eb pari, kultura do ket\u00eb ministrin\u00eb e vet. Kultura \u00ebsht\u00eb n\u00eb gjendje e imagjinoni vet\u00eb ju. Nj\u00eb minist\u00ebr antikulture q\u00eb b\u00ebn betej\u00eb me trash\u00ebgimin\u00eb, me kultur\u00ebn e vendit.<\/p>\n<p>Pra, do ket\u00eb nj\u00eb ministri kulture me misionin m\u00eb t\u00eb r\u00ebnd\u00ebsish\u00ebm t\u00eb zhvillimit, konsolidimit t\u00eb mbrojtjes t\u00eb kultur\u00ebs komb\u00ebtare.<\/p>\n<p>Drejtuesit e institucioneve kulturore do t\u00eb zgjidhen nga vet\u00eb punonj\u00ebsit. Do t\u00eb jen\u00eb m\u00eb t\u00eb mir\u00ebt e m\u00eb t\u00eb mir\u00ebve.<\/p>\n<p>Imagjinoni ju se \u00e7far\u00eb bat\u00ebrdie \u00ebsht\u00eb b\u00ebr\u00eb me drejtimet. Merrni oper\u00ebn dhe baletin sa her\u00eb ia ka ndryshuar drejtuesit. T\u00eb gjitha n\u00eb funksion t\u00eb parave.<\/p>\n<p>Arti dhe kultura kan\u00eb nevoj\u00eb urgjente p\u00ebr nj\u00eb transparenc\u00eb t\u00eb plot\u00eb p\u00ebr t\u00eb gjitha fondet. Dhe i garantoj se borde q\u00eb vendosin transparenc\u00eb t\u00eb plot\u00eb do funksionojn\u00eb menj\u00ebher\u00eb pas 11 majit.<\/p>\n<p>Meritokracia dhe nxjerrja e k\u00ebtij sektori jasht\u00eb konfliktit t\u00eb interesit, do jen\u00eb baz\u00eb e reform\u00ebs.<\/p>\n<p>Reforma n\u00eb sistemin e arteve dhe t\u00eb kultur\u00ebs duhet t\u00eb angazhohet n\u00eb nj\u00eb reform\u00eb t\u00eb thell\u00eb t\u00eb burimeve t\u00eb financimeve t\u00eb k\u00ebtij sektori.<\/p>\n<p>Qeveria do rris\u00eb kontributin, do dyfishoj\u00eb buxhetin p\u00ebr kultur\u00ebn dhe artin.<\/p>\n<p>Kjo nuk mjafton.<\/p>\n<p>Qeveria do t\u00eb mund\u00ebsoj\u00eb me ligjet m\u00eb t\u00eb mira t\u00eb sponsorizimit kontributin e sektorit privat n\u00eb sponsorizimin e veprimtarive private, kulturore dhe artistike.<\/p>\n<p>Qeveria angazhohet p\u00ebr nj\u00eb bashk\u00ebpunim komb\u00ebtar. Pra, kultura \u00ebsht\u00eb \u00e7\u00ebshtje e identitetit komb\u00ebtar.<\/p>\n<p>Qeveria angazhohet t\u00eb mb\u00ebshtes\u00eb artist\u00ebt dhe njer\u00ebzit e kultur\u00ebs, t\u00eb letrave, t\u00eb librit, shqiptar\u00ebt kudo q\u00eb ndodhen.<\/p>\n<p>Nj\u00eb transformim rr\u00ebnj\u00ebsor i legjislacionit n\u00eb fush\u00ebn e artit, kultur\u00ebs dhe librit.<\/p>\n<p>Ju nuk mund t\u00eb imagjinoni taksat q\u00eb jan\u00eb t\u00eb vendosura mbi librin, t\u00eb cilat e largojn\u00eb me kilometra librin nga lexuesi p\u00ebr shkak t\u00eb \u00e7mimeve t\u00eb larta q\u00eb imponojn\u00eb.<\/p>\n<p>Rikthimi i detyruesh\u00ebm p\u00ebr t\u00eb gjitha bibliotekat publike p\u00ebr t\u00eb pasur librat q\u00eb publikohen t\u00eb autor\u00ebve shqiptar\u00eb, por edhe t\u00eb autor\u00ebve t\u00eb huaj.<\/p>\n<p>Nj\u00eb p\u00ebrpjekje e madhe do b\u00ebhet p\u00ebr promovimin e librit, i cili po syrgjynoset. Nuk ka asnj\u00eb mb\u00ebshtetje, p\u00ebrkundrazi ka vet\u00ebm barriera t\u00eb m\u00ebdha fiskale dhe t\u00eb tjera\u201d, u shpreh Berisha.<\/p>\n","protected":false},"excerpt":{"rendered":"<p>Kryetari i PD, Sali Berisha, n\u00eb konferenc\u00ebn me gazetar\u00ebt prezantoi programin p\u00ebr artin dhe kultur\u00ebn, duke theksuar se nj\u00eb nga prioritetet e qeveris\u00eb s\u00eb ardhshme do t\u00eb jet\u00eb themelimi i nj\u00eb Ministrie t\u00eb Posa\u00e7me p\u00ebr Kultur\u00ebn. Berisha ka garantuar se buxheti p\u00ebr kultur\u00ebn do t\u00eb dyfishohet dhe do t\u00eb nd\u00ebrmerren masa p\u00ebr leht\u00ebsimin e taksave &hellip;<\/p>\n","protected":false},"author":4,"featured_media":109243,"comment_status":"closed","ping_status":"closed","sticky":false,"template":"","format":"standard","meta":{"footnotes":""},"categories":[37],"tags":[],"class_list":["post-109242","post","type-post","status-publish","format-standard","has-post-thumbnail","","category-politike"],"_links":{"self":[{"href":"https:\/\/rdnews.al\/index.php\/wp-json\/wp\/v2\/posts\/109242","targetHints":{"allow":["GET"]}}],"collection":[{"href":"https:\/\/rdnews.al\/index.php\/wp-json\/wp\/v2\/posts"}],"about":[{"href":"https:\/\/rdnews.al\/index.php\/wp-json\/wp\/v2\/types\/post"}],"author":[{"embeddable":true,"href":"https:\/\/rdnews.al\/index.php\/wp-json\/wp\/v2\/users\/4"}],"replies":[{"embeddable":true,"href":"https:\/\/rdnews.al\/index.php\/wp-json\/wp\/v2\/comments?post=109242"}],"version-history":[{"count":2,"href":"https:\/\/rdnews.al\/index.php\/wp-json\/wp\/v2\/posts\/109242\/revisions"}],"predecessor-version":[{"id":109245,"href":"https:\/\/rdnews.al\/index.php\/wp-json\/wp\/v2\/posts\/109242\/revisions\/109245"}],"wp:featuredmedia":[{"embeddable":true,"href":"https:\/\/rdnews.al\/index.php\/wp-json\/wp\/v2\/media\/109243"}],"wp:attachment":[{"href":"https:\/\/rdnews.al\/index.php\/wp-json\/wp\/v2\/media?parent=109242"}],"wp:term":[{"taxonomy":"category","embeddable":true,"href":"https:\/\/rdnews.al\/index.php\/wp-json\/wp\/v2\/categories?post=109242"},{"taxonomy":"post_tag","embeddable":true,"href":"https:\/\/rdnews.al\/index.php\/wp-json\/wp\/v2\/tags?post=109242"}],"curies":[{"name":"wp","href":"https:\/\/api.w.org\/{rel}","templated":true}]}}