{"id":109246,"date":"2025-04-03T13:34:00","date_gmt":"2025-04-03T13:34:00","guid":{"rendered":"https:\/\/rdnews.al\/?p=109246"},"modified":"2025-04-03T13:34:00","modified_gmt":"2025-04-03T13:34:00","slug":"teatri-kombetar-do-ndertohet-sic-ishte-berisha-paralajmeron-sipermarresin","status":"publish","type":"post","link":"https:\/\/rdnews.al\/index.php\/2025\/04\/03\/teatri-kombetar-do-ndertohet-sic-ishte-berisha-paralajmeron-sipermarresin\/","title":{"rendered":"Teatri Komb\u00ebtar do nd\u00ebrtohet si\u00e7 ishte, Berisha paralajm\u00ebron sip\u00ebrmarr\u00ebsin!"},"content":{"rendered":"<p>Kryetari i Partis\u00eb Demokratike, Sali Berisha, n\u00eb nj\u00eb konferenc\u00eb p\u00ebr gazetar\u00ebt, premtoi rikthimin e Teatrit Komb\u00ebtar n\u00eb vendin e tij t\u00eb m\u00ebparsh\u00ebm. Ai paralajm\u00ebroi sip\u00ebrmarr\u00ebsit q\u00eb po nd\u00ebrtojn\u00eb n\u00eb truallin e teatrit se godina aktuale do t\u00eb shembet p\u00ebr t\u2019i l\u00ebn\u00eb vendin nj\u00eb nd\u00ebrtese identike me at\u00eb t\u00eb m\u00ebparshme. Berisha akuzoi qeverin\u00eb p\u00ebr shkelje t\u00eb Kushtetut\u00ebs dhe vendimeve t\u00eb Gjykat\u00ebs Kushtetuese lidhur me k\u00ebt\u00eb \u00e7\u00ebshtje.<br \/>\n\u201cArti skenik dhe kinemaja.<br \/>\nNe angazhohemi t\u00eb nd\u00ebrtojm\u00eb Teatrin komb\u00ebtar si\u00e7 ishte, aty ku ishte.<br \/>\nNe paralajm\u00ebrojm\u00eb sip\u00ebrmarr\u00ebsin q\u00eb n\u00eb kund\u00ebrshtim me Kushtetut\u00ebn, vendimet e Gjykat\u00ebs Kushtetuese, zbaton nj\u00eb marr\u00ebveshje t\u00eb b\u00ebr\u00eb me kryemafioz\u00eb.<br \/>\nAjo tok\u00eb \u00ebsht\u00eb tok\u00eb e Teatrit Komb\u00ebtar.<br \/>\nSado kate q\u00eb t\u00eb ngresh ti aty, ato do b\u00ebhen t\u00eb paqena sepse aty do nd\u00ebrtohet teatri si\u00e7 ishte. Centimet\u00ebr p\u00ebr centimet\u00ebr,<br \/>\nNdaj dhe ke ndar\u00eb para me Edi Ram\u00ebn apo Erion Veliajn, \u00ebsht\u00eb puna jote.<br \/>\nPo truallin e teatrit nuk do ta g\u00ebzosh. Je i nderuar, n\u00eb kund\u00ebrshtim me ligjet e vendit dhe vendimet e Gjykat\u00ebs Kushtetuese.<br \/>\nQeveria angazhohet t\u00eb mb\u00ebshtes\u00eb diversitetin kulturor t\u00eb minorancave. Ato jan\u00eb nj\u00eb pasuri komb\u00ebtare.<br \/>\nDo t\u00eb sponsorizoj\u00eb Albfilmin, filmin shqiptar dhe bashk\u00ebpunimin e tij nd\u00ebrkomb\u00ebtar.<br \/>\nNe konsiderojm\u00eb dimensionin e kultur\u00ebs si nd\u00ebr m\u00eb kryesor\u00ebt p\u00ebr integrimin e Shqip\u00ebris\u00eb n\u00eb BE.<br \/>\nKultura \u00ebsht\u00eb ID evropiane e kombit ton\u00eb ndaj dhe ne me k\u00ebt\u00eb dimension do p\u00ebrqasemi drejt Europ\u00ebs me dinjitet.<br \/>\nInstitucionet e tjera kulturore, instituti i monumenteve t\u00eb kultur\u00ebs, do t\u00eb mb\u00ebshtetet fuqimisht.<br \/>\nKornizat ligjore do ndryshojn\u00eb.<br \/>\nPra, n\u00eb nj\u00eb hark kohor t\u00eb shkurt\u00ebr ne do b\u00ebjm\u00eb gjith\u00e7ka p\u00ebr transformimin ligjor, institucional, financiar t\u00eb situat\u00ebs dramatike n\u00eb t\u00eb cil\u00ebn \u00ebsht\u00eb kultura shqiptare.<br \/>\nStatusi i artistit. A e dini ju se sot ka artist\u00eb q\u00eb nuk e kan\u00eb t\u00eb sigurt pensionin se nuk u kan\u00eb paguar sigurimet shoq\u00ebrore? Merr fund. Do ket\u00eb nj\u00eb status p\u00ebr artistin dhe shkrimtarin dhe do b\u00ebhet gjith\u00e7ka q\u00eb roli i tyre n\u00eb shoq\u00ebri t\u00eb jet\u00eb nj\u00eb rol i merituar.<br \/>\nKjo ishin disa nga \u00e7\u00ebshtjet kryesore q\u00eb desha sot t\u00eb paraqes para shqiptar\u00ebve dhe t\u00eb garantoj bot\u00ebn e artit dhe kultur\u00ebs se qeveria e ardhshme do jet\u00eb nj\u00eb mb\u00ebshtetje e fuqishme e tyre.<br \/>\nDo i kthej\u00eb artit dhe kultur\u00ebs, dinjitetin, shpres\u00ebn dhe perspektiv\u00ebn\u201d, tha Berisha.<\/p>\n<p>&nbsp;<\/p>\n","protected":false},"excerpt":{"rendered":"<p>Kryetari i Partis\u00eb Demokratike, Sali Berisha, n\u00eb nj\u00eb konferenc\u00eb p\u00ebr gazetar\u00ebt, premtoi rikthimin e Teatrit Komb\u00ebtar n\u00eb vendin e tij t\u00eb m\u00ebparsh\u00ebm. Ai paralajm\u00ebroi sip\u00ebrmarr\u00ebsit q\u00eb po nd\u00ebrtojn\u00eb n\u00eb truallin e teatrit se godina aktuale do t\u00eb shembet p\u00ebr t\u2019i l\u00ebn\u00eb vendin nj\u00eb nd\u00ebrtese identike me at\u00eb t\u00eb m\u00ebparshme. Berisha akuzoi qeverin\u00eb p\u00ebr shkelje t\u00eb &hellip;<\/p>\n","protected":false},"author":4,"featured_media":109247,"comment_status":"closed","ping_status":"closed","sticky":false,"template":"","format":"standard","meta":{"footnotes":""},"categories":[37],"tags":[],"class_list":["post-109246","post","type-post","status-publish","format-standard","has-post-thumbnail","","category-politike"],"_links":{"self":[{"href":"https:\/\/rdnews.al\/index.php\/wp-json\/wp\/v2\/posts\/109246","targetHints":{"allow":["GET"]}}],"collection":[{"href":"https:\/\/rdnews.al\/index.php\/wp-json\/wp\/v2\/posts"}],"about":[{"href":"https:\/\/rdnews.al\/index.php\/wp-json\/wp\/v2\/types\/post"}],"author":[{"embeddable":true,"href":"https:\/\/rdnews.al\/index.php\/wp-json\/wp\/v2\/users\/4"}],"replies":[{"embeddable":true,"href":"https:\/\/rdnews.al\/index.php\/wp-json\/wp\/v2\/comments?post=109246"}],"version-history":[{"count":1,"href":"https:\/\/rdnews.al\/index.php\/wp-json\/wp\/v2\/posts\/109246\/revisions"}],"predecessor-version":[{"id":109248,"href":"https:\/\/rdnews.al\/index.php\/wp-json\/wp\/v2\/posts\/109246\/revisions\/109248"}],"wp:featuredmedia":[{"embeddable":true,"href":"https:\/\/rdnews.al\/index.php\/wp-json\/wp\/v2\/media\/109247"}],"wp:attachment":[{"href":"https:\/\/rdnews.al\/index.php\/wp-json\/wp\/v2\/media?parent=109246"}],"wp:term":[{"taxonomy":"category","embeddable":true,"href":"https:\/\/rdnews.al\/index.php\/wp-json\/wp\/v2\/categories?post=109246"},{"taxonomy":"post_tag","embeddable":true,"href":"https:\/\/rdnews.al\/index.php\/wp-json\/wp\/v2\/tags?post=109246"}],"curies":[{"name":"wp","href":"https:\/\/api.w.org\/{rel}","templated":true}]}}