{"id":109252,"date":"2025-04-03T13:43:59","date_gmt":"2025-04-03T13:43:59","guid":{"rendered":"https:\/\/rdnews.al\/?p=109252"},"modified":"2025-04-03T13:43:59","modified_gmt":"2025-04-03T13:43:59","slug":"hakerimi-i-spak-berisha-lufte-brenda-klaneve-ne-ps-duan-tia-faturojne-fatmirit-se-ka-marre-dhe-dosjen-time-le-ta-publikojne","status":"publish","type":"post","link":"https:\/\/rdnews.al\/index.php\/2025\/04\/03\/hakerimi-i-spak-berisha-lufte-brenda-klaneve-ne-ps-duan-tia-faturojne-fatmirit-se-ka-marre-dhe-dosjen-time-le-ta-publikojne\/","title":{"rendered":"Hakerimi i SPAK\/ Berisha: Luft\u00eb brenda klaneve n\u00eb PS, duan t\u2019ia faturojn\u00eb Fatmirit se ka marr\u00eb dhe dosjen time, le ta publikojn\u00eb!"},"content":{"rendered":"<p>Gjat\u00eb nj\u00eb konferenc\u00eb shtypi nga selia e PD, Berisha ka komentuar edhe lajmin p\u00ebr hakerimin e adresave te e-mailit te prokurove t\u00eb SPAK. Ai tha se, shum\u00eb operacion i dyshimt\u00eb, t\u00eb jemi t\u00eb sinqert\u00eb, i dyshimt\u00eb aq sa ishin statuset n\u00eb Facebook t\u00eb Erion Veliajt. Ta ndjekin\u201d.<\/p>\n<p><strong>\u201c<\/strong>S\u00eb pari, m\u00eb duhet t\u00eb them se u kthye koha kur dosjet, para se t\u00eb shkonin n\u00eb gjykat\u00eb, shkonin n\u00eb Partin\u00eb Socialiste. Para shum\u00eb vitesh, dosja para se t\u00eb shkonte n\u00eb gjykat\u00eb, shkonte n\u00eb PS. Tani hakerohet. A \u00ebsht\u00eb hakerim, apo vet\u00eb hakerim, un\u00eb nuk e di, por \u00ebsht\u00eb gj\u00eb shum\u00eb, shum\u00eb e r\u00ebnd\u00eb.<\/p>\n<p>Dmth, o qytetar\u00eb t\u00eb gjitha t\u00eb dh\u00ebnat tuaja, mirren, vidhen, manipulohen dhe nuk kan\u00eb asnj\u00eb siguri. \u00c7far\u00eb \u00ebsht\u00eb kjo? \u00cbsht\u00eb kjo mundet dhe nj\u00eb luft\u00eb e brendshme, brenda klaneve mafioze brenda PS.<\/p>\n<p>Tani grupi armiq\u00ebsor, Xhafa, Pastori, Bushka, dhe 2-3 t\u00eb tjer\u00eb, ata duhet t\u00eb akuzohen me \u00e7do kusht. M\u00eb sh\u00ebmb\u00ebllen si historia e statuseve t\u00eb Erion Veliajt. Statuset ia shkruante Rama dhe p\u00ebrgjigjen SKAP-i ja jepte Erion Veliajt.<\/p>\n<p>Edhe k\u00ebt\u00eb hakerimin, duan t\u00eb ja faturojn\u00eb Fatmir Xhafajt, e kuptoj un\u00eb, aty e ke hallin ti. Ato jan\u00eb hakeruar apo vet\u00eb hakeruar k\u00ebt\u00eb nuk e marrim vesh ne. Ato po p\u00ebrdoren, si\u00e7 u p\u00ebrdor\u00ebn statuset. Meqen\u00ebse filluan t\u00eb thon\u00eb, po merren me fustanet e Ajol\u00ebs, tani ja sajdis\u00ebn statuset dhe i than\u00eb, tani ke kryer krim t\u00eb madh shum\u00eb.<\/p>\n<p>Tani edhe Fatmirit po i vijn\u00eb rrotull dhe po e akuzojn\u00eb se, gossipi \u00ebsht\u00eb fjala, se ka hakeruar kompjuterat e SKAP-it, dhe p\u00ebr t\u00eb m\u00eb revoltuar dhe mua, edhe dosjen time. At\u00eb i them Fatmiri publikojeni sa ta gjeni, se \u00ebsht\u00eb publike.<\/p>\n<p>Shum\u00eb operacion i dyshimt\u00eb, t\u00eb jemi t\u00eb sinqert\u00eb, i dyshimt\u00eb aq sa ishin statuset n\u00eb Facebook t\u00eb Erion Veliajt. Ta ndjekin.<\/p>\n<p>Nj\u00eb gj\u00eb mund t\u00eb ju them, q\u00eb qytetar\u00ebt po kuptojn\u00eb \u00e7do dit\u00eb e m\u00eb shum\u00eb kontrollin fatal t\u00eb drejt\u00ebsis\u00eb nga Edi Rama, kjo \u00ebsht\u00eb e v\u00ebrtet\u00eb dhe p\u00ebr ne kjo ka r\u00ebnd\u00ebsi\u201d, u shpreh Berisha.<\/p>\n","protected":false},"excerpt":{"rendered":"<p>Gjat\u00eb nj\u00eb konferenc\u00eb shtypi nga selia e PD, Berisha ka komentuar edhe lajmin p\u00ebr hakerimin e adresave te e-mailit te prokurove t\u00eb SPAK. Ai tha se, shum\u00eb operacion i dyshimt\u00eb, t\u00eb jemi t\u00eb sinqert\u00eb, i dyshimt\u00eb aq sa ishin statuset n\u00eb Facebook t\u00eb Erion Veliajt. Ta ndjekin\u201d. \u201cS\u00eb pari, m\u00eb duhet t\u00eb them se u &hellip;<\/p>\n","protected":false},"author":4,"featured_media":109253,"comment_status":"closed","ping_status":"closed","sticky":false,"template":"","format":"standard","meta":{"footnotes":""},"categories":[37],"tags":[],"class_list":["post-109252","post","type-post","status-publish","format-standard","has-post-thumbnail","","category-politike"],"_links":{"self":[{"href":"https:\/\/rdnews.al\/index.php\/wp-json\/wp\/v2\/posts\/109252","targetHints":{"allow":["GET"]}}],"collection":[{"href":"https:\/\/rdnews.al\/index.php\/wp-json\/wp\/v2\/posts"}],"about":[{"href":"https:\/\/rdnews.al\/index.php\/wp-json\/wp\/v2\/types\/post"}],"author":[{"embeddable":true,"href":"https:\/\/rdnews.al\/index.php\/wp-json\/wp\/v2\/users\/4"}],"replies":[{"embeddable":true,"href":"https:\/\/rdnews.al\/index.php\/wp-json\/wp\/v2\/comments?post=109252"}],"version-history":[{"count":1,"href":"https:\/\/rdnews.al\/index.php\/wp-json\/wp\/v2\/posts\/109252\/revisions"}],"predecessor-version":[{"id":109254,"href":"https:\/\/rdnews.al\/index.php\/wp-json\/wp\/v2\/posts\/109252\/revisions\/109254"}],"wp:featuredmedia":[{"embeddable":true,"href":"https:\/\/rdnews.al\/index.php\/wp-json\/wp\/v2\/media\/109253"}],"wp:attachment":[{"href":"https:\/\/rdnews.al\/index.php\/wp-json\/wp\/v2\/media?parent=109252"}],"wp:term":[{"taxonomy":"category","embeddable":true,"href":"https:\/\/rdnews.al\/index.php\/wp-json\/wp\/v2\/categories?post=109252"},{"taxonomy":"post_tag","embeddable":true,"href":"https:\/\/rdnews.al\/index.php\/wp-json\/wp\/v2\/tags?post=109252"}],"curies":[{"name":"wp","href":"https:\/\/api.w.org\/{rel}","templated":true}]}}