{"id":109255,"date":"2025-04-03T13:48:13","date_gmt":"2025-04-03T13:48:13","guid":{"rendered":"https:\/\/rdnews.al\/?p=109255"},"modified":"2025-04-03T13:48:13","modified_gmt":"2025-04-03T13:48:13","slug":"bibliotekat-nuk-jane-kulla-berisha-une-jam-per-nje-biblioteke-te-re-kombetare-ne-do-e-ndertojme-nje-te-tille","status":"publish","type":"post","link":"https:\/\/rdnews.al\/index.php\/2025\/04\/03\/bibliotekat-nuk-jane-kulla-berisha-une-jam-per-nje-biblioteke-te-re-kombetare-ne-do-e-ndertojme-nje-te-tille\/","title":{"rendered":"Bibliotekat nuk jan\u00eb kulla\/ Berisha: Un\u00eb jam p\u00ebr nj\u00eb Bibliotek\u00eb t\u00eb re Komb\u00ebtare, ne do e nd\u00ebrtojm\u00eb nj\u00eb t\u00eb till\u00eb"},"content":{"rendered":"<p>Kryetari I PD, Sali Berisha ka shprehur q\u00ebndrimin e tij n\u00eb lidhje me projektin p\u00ebr nd\u00ebrtimin e nj\u00eb Biblioteke t\u00eb Re Komb\u00ebtare, duke hedhur posht\u00eb iden\u00eb e Edi Ram\u00ebs p\u00ebr nd\u00ebrtimin e nj\u00eb &#8220;kulle&#8221; p\u00ebr k\u00ebt\u00eb q\u00ebllim.<\/p>\n<p>Ai ka theksuar se Shqip\u00ebria ka nevoj\u00eb p\u00ebr nj\u00eb bibliotek\u00eb moderne dhe funksionale, pasi infrastruktura aktuale \u00ebsht\u00eb e kufizuar dhe nuk mund t\u00eb mb\u00ebshtes\u00eb nevojat e rritura p\u00ebr ruajtjen dhe promovimin e trash\u00ebgimis\u00eb kulturore.<\/p>\n<p>\u201cKurr\u00eb nuk do ndodh\u00eb ajo.<\/p>\n<p>Ky \u00ebsht\u00eb nj\u00eb akt, nj\u00eb \u00ebnd\u00ebrr e vjet\u00ebr e Edi Ram\u00ebs.<\/p>\n<p>Edi Rama donte t\u00eb nd\u00ebrtonte kull\u00ebn e oborrin e Bibliotek\u00ebs Komb\u00ebtare.<\/p>\n<p>Ajo nuk do ndodh\u00eb.<\/p>\n<p>Vendi ka nevoj\u00eb p\u00ebr nj\u00eb bibliotek\u00eb komb\u00ebtare t\u00eb re dhe mendoj se nj\u00eb institucion i till\u00eb ia vlen t\u00eb nd\u00ebrtohet sepse biblioteka ku \u00ebsht\u00eb ka hap\u00ebsira t\u00eb kufizuara, t\u00eb jemi realist\u00eb me k\u00ebt\u00eb.<\/p>\n<p>Biblioteka komb\u00ebtare ka punonj\u00ebs nd\u00ebr m\u00eb mir\u00ebt.<\/p>\n<p>Erion Veliaj e p\u00ebrmbyti me rikonstruksionin q\u00eb i b\u00ebri sheshit, e p\u00ebrmbyti. Ajo qe nj\u00eb p\u00ebrmbytje shum\u00eb e dhimbshme, me mij\u00ebra v\u00ebllime t\u00eb \u00e7muara u p\u00ebrmbyt\u00ebn dhe ato i thanin me thar\u00ebse flok\u00ebsh. Nj\u00eb gj\u00eb e paimagjinueshme.<\/p>\n<p>Dhe nuk mori askush asnj\u00eb p\u00ebrgjegj\u00ebsi sepse u hipi uji mbi dritare.<\/p>\n<p>Ngriti ky, b\u00ebri sheshin, mori miliarda dhe k\u00ebshtu q\u00eb u p\u00ebrmbyt biblioteka.<\/p>\n<p>Un\u00eb jam p\u00ebr nj\u00eb bibliotek\u00eb t\u00eb re, t\u00eb nd\u00ebrtohet nj\u00eb bibliotek\u00eb dinjitoze, por bibliotekat nuk jan\u00eb kulla.<\/p>\n<p>Ka modele shum\u00eb t\u00eb bukura q\u00eb i p\u00ebrshtaten dhe ne do nd\u00ebrtojm\u00eb nj\u00eb bibliotek\u00eb t\u00eb re\u201d, tha Berisha.<\/p>\n","protected":false},"excerpt":{"rendered":"<p>Kryetari I PD, Sali Berisha ka shprehur q\u00ebndrimin e tij n\u00eb lidhje me projektin p\u00ebr nd\u00ebrtimin e nj\u00eb Biblioteke t\u00eb Re Komb\u00ebtare, duke hedhur posht\u00eb iden\u00eb e Edi Ram\u00ebs p\u00ebr nd\u00ebrtimin e nj\u00eb &#8220;kulle&#8221; p\u00ebr k\u00ebt\u00eb q\u00ebllim. Ai ka theksuar se Shqip\u00ebria ka nevoj\u00eb p\u00ebr nj\u00eb bibliotek\u00eb moderne dhe funksionale, pasi infrastruktura aktuale \u00ebsht\u00eb e &hellip;<\/p>\n","protected":false},"author":4,"featured_media":109256,"comment_status":"closed","ping_status":"closed","sticky":false,"template":"","format":"standard","meta":{"footnotes":""},"categories":[37],"tags":[],"class_list":["post-109255","post","type-post","status-publish","format-standard","has-post-thumbnail","","category-politike"],"_links":{"self":[{"href":"https:\/\/rdnews.al\/index.php\/wp-json\/wp\/v2\/posts\/109255","targetHints":{"allow":["GET"]}}],"collection":[{"href":"https:\/\/rdnews.al\/index.php\/wp-json\/wp\/v2\/posts"}],"about":[{"href":"https:\/\/rdnews.al\/index.php\/wp-json\/wp\/v2\/types\/post"}],"author":[{"embeddable":true,"href":"https:\/\/rdnews.al\/index.php\/wp-json\/wp\/v2\/users\/4"}],"replies":[{"embeddable":true,"href":"https:\/\/rdnews.al\/index.php\/wp-json\/wp\/v2\/comments?post=109255"}],"version-history":[{"count":1,"href":"https:\/\/rdnews.al\/index.php\/wp-json\/wp\/v2\/posts\/109255\/revisions"}],"predecessor-version":[{"id":109257,"href":"https:\/\/rdnews.al\/index.php\/wp-json\/wp\/v2\/posts\/109255\/revisions\/109257"}],"wp:featuredmedia":[{"embeddable":true,"href":"https:\/\/rdnews.al\/index.php\/wp-json\/wp\/v2\/media\/109256"}],"wp:attachment":[{"href":"https:\/\/rdnews.al\/index.php\/wp-json\/wp\/v2\/media?parent=109255"}],"wp:term":[{"taxonomy":"category","embeddable":true,"href":"https:\/\/rdnews.al\/index.php\/wp-json\/wp\/v2\/categories?post=109255"},{"taxonomy":"post_tag","embeddable":true,"href":"https:\/\/rdnews.al\/index.php\/wp-json\/wp\/v2\/tags?post=109255"}],"curies":[{"name":"wp","href":"https:\/\/api.w.org\/{rel}","templated":true}]}}