{"id":109258,"date":"2025-04-03T14:06:27","date_gmt":"2025-04-03T14:06:27","guid":{"rendered":"https:\/\/rdnews.al\/?p=109258"},"modified":"2025-04-03T14:06:27","modified_gmt":"2025-04-03T14:06:27","slug":"spak-akuza-policise-berisha-ilir-matrixi-shkoi-aty-per-te-fshehur-dosjet-e-krimit","status":"publish","type":"post","link":"https:\/\/rdnews.al\/index.php\/2025\/04\/03\/spak-akuza-policise-berisha-ilir-matrixi-shkoi-aty-per-te-fshehur-dosjet-e-krimit\/","title":{"rendered":"SPAK akuza policis\u00eb\/ Berisha: Ilir Matrixi shkoi aty p\u00ebr t\u00eb fshehur dosjet e krimit!"},"content":{"rendered":"<p>Kryetari i Partis\u00eb Demokratike, Sali Berisha, ka denoncuar n\u00eb nj\u00eb konferenc\u00eb p\u00ebr gazetar\u00ebt \u00e7arjen e institucioneve shtet\u00ebrore dhe manipulimin e provave t\u00eb krimit. Sipas tij, n\u00eb 83% t\u00eb rasteve, dosjet nuk dor\u00ebzohen n\u00eb prokurori, duke d\u00ebshmuar nj\u00eb bllokim t\u00eb q\u00ebllimsh\u00ebm t\u00eb drejt\u00ebsis\u00eb nga qeveria.<br \/>\nBerisha akuzoi kryeministrin Edi Rama p\u00ebr urdh\u00ebrimin e k\u00ebtij mekanizmi, duke ndaluar institucionet t\u00eb bashk\u00ebpunojn\u00eb me prokurorin\u00eb. Ai sulmoi ashp\u00ebr drejtuesit e policis\u00eb, duke i cil\u00ebsuar si mbrojt\u00ebs t\u00eb krimit dhe p\u00ebrgjegj\u00ebs p\u00ebr fshehjen e dosjeve.<br \/>\n\u201cS\u00eb pari, ky \u00ebsht\u00eb nj\u00eb tregues dramatik p\u00ebr vendin. Ky tregon \u00e7arjen p\u00ebrfundimtare t\u00eb institucioneve t\u00eb narkoshtetit. Kjo tregon se n\u00eb 83% t\u00eb rasteve, provat e krimit prishen, manipulohen, p\u00ebrdoren p\u00ebr pazar dhe nuk shkojn\u00eb n\u00eb prokurori. Ky \u00ebsht\u00eb zbatimi i urdh\u00ebrit t\u00eb Edi Ram\u00ebs.<br \/>\nEdi Rama ka urdh\u00ebruar institucionet q\u00eb t\u00eb mos ken\u00eb komunikim me prokurorin\u00eb. Dhe ky \u00ebsht\u00eb nj\u00eb akt, shum\u00eb, shum\u00eb i r\u00ebnd\u00eb. E them me bindjen m\u00eb t\u00eb madhe.<br \/>\nKur un\u00eb kam k\u00ebrkuar q\u00eb k\u00ebto institucione t\u00eb reformohen, nuk mund t\u00eb imagjinoj kurr\u00eb q\u00eb ato t\u00eb shuhen, t\u00eb mos ekzistojn\u00eb, se kjo \u00ebsht\u00eb ta shuash. Se prokuroria ka nj\u00eb num\u00ebr t\u00eb kufizuar punonj\u00ebsit, qoft\u00eb prokuror\u00eb, qoft\u00eb OPGJ. Dhe natyrisht, ajo misionin e kryen mbi dosjet q\u00eb dor\u00ebzon policia, Sh\u00ebrbimi, informacionet kur jan\u00eb p\u00ebr \u00e7\u00ebshtje t\u00eb siguris\u00eb komb\u00ebtare dhe administrata.<br \/>\nAdministrata ka me dhjet\u00ebra e dhjet\u00ebra punonj\u00ebs q\u00eb paguhen p\u00ebr k\u00ebt\u00eb \u00e7\u00ebshtje. Duhet t\u00eb \u00e7ojn\u00eb dosjet.<br \/>\nKur policia nuk \u00e7on 83% t\u00eb dosjeve, se kjo \u00ebsht\u00eb shif\u00ebr shum\u00eb, shum\u00eb e r\u00ebnd\u00eb. Un\u00eb e kuptoj se, nuk duan t\u00eb thon\u00eb se i ka fshehur, por r\u00ebnia n\u00eb nj\u00eb koh\u00eb kur kriminaliteti rritet, r\u00ebnia me 83% e dosjeve t\u00eb d\u00ebrguara nga policia, \u00ebsht\u00eb shifra m\u00eb alarmante q\u00eb mund t\u00eb jet\u00eb n\u00eb fush\u00ebn e luft\u00ebs kund\u00ebr krimit.<br \/>\nPse ka ndodhur kjo, ta them un\u00eb ty. Proda \u00ebsht\u00eb \u2018Matrix\u2019. Ky Ilir Matrixi shkoi aty p\u00ebr t\u00eb b\u00ebr\u00eb pik\u00ebrisht p\u00ebr t\u00eb b\u00ebr\u00eb k\u00ebt\u00eb gj\u00eb, pik\u00ebrisht p\u00ebr t\u00eb mbrojtur krimin, p\u00ebr t\u00eb fshehur dosjet e krimit dhe p\u00ebr t\u00eb mos i dor\u00ebzuar. E din\u00eb t\u00eb gjith\u00eb aty, se ai \u00ebsht\u00eb \u2018Matrix\u2019. Ministri vet\u00eb \u00ebsht\u00eb nj\u00eb ushtar i Poj\u00ebs, ky Hoxha apo Hoxhaj, se nuk merret vesh si e ka, se nj\u00ebher\u00eb thot\u00eb jam k\u00ebshtu, e jam ashtu.<br \/>\nPra kjo \u00ebsht\u00eb arsyeja.<br \/>\nJu jeni d\u00ebshmitar\u00eb. Un\u00eb jam p\u00ebrpjekur t\u00eb ndri\u00e7oj, t\u00eb informoj qytetar\u00ebt se si Taulant Balla, me dokumente merr dosjen e kund\u00ebrshtar\u00ebve t\u00eb band\u00ebs, i arreston ata, shp\u00ebrblim p\u00ebr vota.<br \/>\nSe si Taulant Balla e merr dosjen nga SPAK, e \u00e7on n\u00eb polici n\u00eb m\u00ebnyr\u00eb q\u00eb ta nxjerr\u00eb jasht\u00eb afateve ligjore, asnj\u00eb veprim.<br \/>\nPra lajm shum\u00eb i keq ky\u201d, tha Berisha.<\/p>\n","protected":false},"excerpt":{"rendered":"<p>Kryetari i Partis\u00eb Demokratike, Sali Berisha, ka denoncuar n\u00eb nj\u00eb konferenc\u00eb p\u00ebr gazetar\u00ebt \u00e7arjen e institucioneve shtet\u00ebrore dhe manipulimin e provave t\u00eb krimit. Sipas tij, n\u00eb 83% t\u00eb rasteve, dosjet nuk dor\u00ebzohen n\u00eb prokurori, duke d\u00ebshmuar nj\u00eb bllokim t\u00eb q\u00ebllimsh\u00ebm t\u00eb drejt\u00ebsis\u00eb nga qeveria. Berisha akuzoi kryeministrin Edi Rama p\u00ebr urdh\u00ebrimin e k\u00ebtij mekanizmi, duke &hellip;<\/p>\n","protected":false},"author":4,"featured_media":109243,"comment_status":"closed","ping_status":"closed","sticky":false,"template":"","format":"standard","meta":{"footnotes":""},"categories":[37],"tags":[],"class_list":["post-109258","post","type-post","status-publish","format-standard","has-post-thumbnail","","category-politike"],"_links":{"self":[{"href":"https:\/\/rdnews.al\/index.php\/wp-json\/wp\/v2\/posts\/109258","targetHints":{"allow":["GET"]}}],"collection":[{"href":"https:\/\/rdnews.al\/index.php\/wp-json\/wp\/v2\/posts"}],"about":[{"href":"https:\/\/rdnews.al\/index.php\/wp-json\/wp\/v2\/types\/post"}],"author":[{"embeddable":true,"href":"https:\/\/rdnews.al\/index.php\/wp-json\/wp\/v2\/users\/4"}],"replies":[{"embeddable":true,"href":"https:\/\/rdnews.al\/index.php\/wp-json\/wp\/v2\/comments?post=109258"}],"version-history":[{"count":1,"href":"https:\/\/rdnews.al\/index.php\/wp-json\/wp\/v2\/posts\/109258\/revisions"}],"predecessor-version":[{"id":109259,"href":"https:\/\/rdnews.al\/index.php\/wp-json\/wp\/v2\/posts\/109258\/revisions\/109259"}],"wp:featuredmedia":[{"embeddable":true,"href":"https:\/\/rdnews.al\/index.php\/wp-json\/wp\/v2\/media\/109243"}],"wp:attachment":[{"href":"https:\/\/rdnews.al\/index.php\/wp-json\/wp\/v2\/media?parent=109258"}],"wp:term":[{"taxonomy":"category","embeddable":true,"href":"https:\/\/rdnews.al\/index.php\/wp-json\/wp\/v2\/categories?post=109258"},{"taxonomy":"post_tag","embeddable":true,"href":"https:\/\/rdnews.al\/index.php\/wp-json\/wp\/v2\/tags?post=109258"}],"curies":[{"name":"wp","href":"https:\/\/api.w.org\/{rel}","templated":true}]}}