{"id":109260,"date":"2025-04-03T14:09:22","date_gmt":"2025-04-03T14:09:22","guid":{"rendered":"https:\/\/rdnews.al\/?p=109260"},"modified":"2025-04-03T14:09:22","modified_gmt":"2025-04-03T14:09:22","slug":"berisha-edi-rama-meme-e-gjalle-integrimi-ne-be-nje-mision-qe-do-te-permbushet-nga-pd","status":"publish","type":"post","link":"https:\/\/rdnews.al\/index.php\/2025\/04\/03\/berisha-edi-rama-meme-e-gjalle-integrimi-ne-be-nje-mision-qe-do-te-permbushet-nga-pd\/","title":{"rendered":"Berisha: Edi Rama meme e gjall\u00eb! Integrimi n\u00eb BE nj\u00eb mision q\u00eb do t\u00eb p\u00ebrmbushet nga PD"},"content":{"rendered":"<p>Kryetari i PD, Sali Berisha ka kritikuar ashp\u00ebr kryeministrin Edi Rama, duke e quajtur at\u00eb &#8220;meme e gjall\u00eb&#8221;, p\u00ebr mashtrimet dhe trillimet q\u00eb sipas tij kan\u00eb tejkaluar \u00e7do kufi.<\/p>\n<p>N\u00eb daljen p\u00ebr media, ai theksoi se Partia Demokratike ka qen\u00eb lokomotiva e proceseve integruese t\u00eb Shqip\u00ebris\u00eb q\u00eb nga vitit 1992, duke p\u00ebrmendur realizime t\u00eb r\u00ebnd\u00ebsishme si an\u00ebtar\u00ebsimi n\u00eb NATO, heqjen e vizave dhe marr\u00ebveshjen e Stabilizim-Asociimit.<\/p>\n<p>\u201cAta q\u00eb e quajt\u00ebn Edi Ram\u00ebn, meme e gjall\u00eb, ata i gjet\u00ebn m\u00eb t\u00eb bukur\u00ebn, m\u00eb t\u00eb mirin em\u00ebrtim q\u00eb ka. Ai \u00ebsht\u00eb b\u00ebr\u00eb famoz p\u00ebr trillime dhe mashtrime q\u00eb tejkalojn\u00eb \u00e7do lloj limit.<\/p>\n<p>Partia Demokratike q\u00eb nga 1992 e gjer sot, \u00ebsht\u00eb faktuar lokomotiva e t\u00eb gjitha proceseve integruese. K\u00ebshillin e Europ\u00ebs, marr\u00ebveshjen e Stabilizim-Asociimit, heqjen e vizave, rekomandimin e statusit kandidat nga Komisioni Europian, an\u00ebtar\u00ebsimin e Shqip\u00ebris\u00eb n\u00eb NATO.<\/p>\n<p>T\u00eb thot\u00eb Edi Rama, n\u00eb 12 vite p\u00ebrve\u00e7 hapjes t\u00eb procesit t\u00eb negociatave, pasi e vonoi me vite t\u00eb t\u00eb t\u00ebra, e cila \u00ebsht\u00eb sinekuanon se merr statusin e kandidatit, q\u00eb nuk plot\u00ebsonte asnj\u00eb kusht dhe u hap\u00ebn p\u00ebr \u00e7\u00ebshtje gjeo-strategjike, se u mbajt\u00ebn pezull 4 vite dhe u pa se ky nuk respekton asgj\u00eb, u hap\u00ebn p\u00ebr shkaqe gjeostrategjike.<\/p>\n<p>Ndaj dhe ai mision do t\u00eb p\u00ebrmbushet nga PD, dhe i siguroj shqiptar\u00ebt se po me at\u00eb seriozitet, transparenc\u00eb dhe vendosm\u00ebri q\u00eb ne realizuam momentet madhore t\u00eb integrimit Europian dhe EuroAtlantik t\u00eb Shqip\u00ebris\u00eb, po me at\u00eb seriozitet do t\u00eb finalizojm\u00eb negociatat me BE-n\u00eb dhe an\u00ebtar\u00ebsimin e plot\u00eb t\u00eb Shqip\u00ebris\u00eb n\u00eb Bashkimin Europian, por t\u00eb bazuar t\u00ebr\u00ebsisht mbi merit\u00ebn. Merita \u00ebsht\u00eb baza, ky \u00ebsht\u00eb interesi i shqiptar\u00ebve\u201d, tha Berisha.<\/p>\n","protected":false},"excerpt":{"rendered":"<p>Kryetari i PD, Sali Berisha ka kritikuar ashp\u00ebr kryeministrin Edi Rama, duke e quajtur at\u00eb &#8220;meme e gjall\u00eb&#8221;, p\u00ebr mashtrimet dhe trillimet q\u00eb sipas tij kan\u00eb tejkaluar \u00e7do kufi. N\u00eb daljen p\u00ebr media, ai theksoi se Partia Demokratike ka qen\u00eb lokomotiva e proceseve integruese t\u00eb Shqip\u00ebris\u00eb q\u00eb nga vitit 1992, duke p\u00ebrmendur realizime t\u00eb r\u00ebnd\u00ebsishme &hellip;<\/p>\n","protected":false},"author":4,"featured_media":109247,"comment_status":"closed","ping_status":"closed","sticky":false,"template":"","format":"standard","meta":{"footnotes":""},"categories":[37],"tags":[],"class_list":["post-109260","post","type-post","status-publish","format-standard","has-post-thumbnail","","category-politike"],"_links":{"self":[{"href":"https:\/\/rdnews.al\/index.php\/wp-json\/wp\/v2\/posts\/109260","targetHints":{"allow":["GET"]}}],"collection":[{"href":"https:\/\/rdnews.al\/index.php\/wp-json\/wp\/v2\/posts"}],"about":[{"href":"https:\/\/rdnews.al\/index.php\/wp-json\/wp\/v2\/types\/post"}],"author":[{"embeddable":true,"href":"https:\/\/rdnews.al\/index.php\/wp-json\/wp\/v2\/users\/4"}],"replies":[{"embeddable":true,"href":"https:\/\/rdnews.al\/index.php\/wp-json\/wp\/v2\/comments?post=109260"}],"version-history":[{"count":1,"href":"https:\/\/rdnews.al\/index.php\/wp-json\/wp\/v2\/posts\/109260\/revisions"}],"predecessor-version":[{"id":109261,"href":"https:\/\/rdnews.al\/index.php\/wp-json\/wp\/v2\/posts\/109260\/revisions\/109261"}],"wp:featuredmedia":[{"embeddable":true,"href":"https:\/\/rdnews.al\/index.php\/wp-json\/wp\/v2\/media\/109247"}],"wp:attachment":[{"href":"https:\/\/rdnews.al\/index.php\/wp-json\/wp\/v2\/media?parent=109260"}],"wp:term":[{"taxonomy":"category","embeddable":true,"href":"https:\/\/rdnews.al\/index.php\/wp-json\/wp\/v2\/categories?post=109260"},{"taxonomy":"post_tag","embeddable":true,"href":"https:\/\/rdnews.al\/index.php\/wp-json\/wp\/v2\/tags?post=109260"}],"curies":[{"name":"wp","href":"https:\/\/api.w.org\/{rel}","templated":true}]}}