{"id":109262,"date":"2025-04-03T15:35:42","date_gmt":"2025-04-03T15:35:42","guid":{"rendered":"https:\/\/rdnews.al\/?p=109262"},"modified":"2025-04-03T15:35:42","modified_gmt":"2025-04-03T15:35:42","slug":"ambasadori-i-be-perplaset-me-ramen-po-ju-ikin-te-rinjte-nga-pasiguria-dhe-korrupsioni","status":"publish","type":"post","link":"https:\/\/rdnews.al\/index.php\/2025\/04\/03\/ambasadori-i-be-perplaset-me-ramen-po-ju-ikin-te-rinjte-nga-pasiguria-dhe-korrupsioni\/","title":{"rendered":"Ambasadori i BE p\u00ebrplaset me Ram\u00ebn: Po ju ikin t\u00eb rinjt\u00eb nga pasiguria dhe korrupsioni"},"content":{"rendered":"<div class=\"chapo\">Kryeministri Edi Rama organizoi s\u00ebrish nj\u00eb tjet\u00ebr konferenc\u00eb sot p\u00ebr t\u00eb shpjeguar se vendi \u00ebsht\u00eb af\u00ebr Bashkimit Europian.<\/div>\n<p>Por pavar\u00ebsisht propagand\u00ebs bajate t\u00eb Edi Ram\u00ebs, ambasadori i BE n\u00eb Tiran\u00eb, Silvio Gonzato ishte m\u00eb i qart\u00eb kur tha se t\u00eb rinjt\u00eb po largohen nga vendi p\u00ebr shkak t\u00eb pasiguris\u00eb p\u00ebr pun\u00ebn, cil\u00ebsis\u00eb s\u00eb arsimit dhe korrupsionit.<\/p>\n<p>Gonzato theksoi se sipas tij mungon nj\u00eb sistem q\u00eb bazohet tek merita.<\/p>\n<p>\u201cDialogu social luan rol n\u00eb sh\u00ebndetin e Shqip\u00ebris\u00eb dhe \u00ebsht\u00eb pjes\u00eb e r\u00ebnd\u00ebsishme e politikave sociale dhe t\u00eb pun\u00ebsimit q\u00eb jan\u00eb edhe pjes\u00eb e grup kapitullit num\u00ebr 3 q\u00eb do t\u00eb \u00e7elet shum\u00eb shpejt.<\/p>\n<p>Dialogu social nuk \u00ebsht\u00eb i r\u00ebnd\u00ebsishme vet\u00ebm p\u00ebr an\u00ebtar\u00ebsim, por edhe p\u00ebr kohezionin.<\/p>\n<p>T\u00eb rinjt\u00eb shpesh jan\u00eb t\u00eb shqet\u00ebsuar p\u00ebr t\u00eb ardhmen dhe kjo sjell d\u00ebshir\u00ebn p\u00ebr t\u00eb emigruar, sepse kan\u00eb pasiguri p\u00ebr pun\u00ebn, kjo mund t\u00eb vij\u00eb edhe prej pun\u00ebsimit informal, nuk paguhen dit\u00ebt kur nuk jan\u00eb mir\u00eb me sh\u00ebndet.<\/p>\n<p>Shqet\u00ebsim tjet\u00ebr \u00ebsht\u00eb cil\u00ebsia e arsimit. Por edhe korrupsioni, \u00ebsht\u00eb penges\u00eb e madhe p\u00ebr t\u00eb rinjt\u00eb q\u00eb t\u00eb realizojn\u00eb \u00ebndrrat. Mungon nj\u00eb sistem q\u00eb bazohet tek merita. Na duhet nj\u00eb dialog social dhe dometh\u00ebn\u00ebs,\u201d tha ai.<\/p>\n","protected":false},"excerpt":{"rendered":"<p>Kryeministri Edi Rama organizoi s\u00ebrish nj\u00eb tjet\u00ebr konferenc\u00eb sot p\u00ebr t\u00eb shpjeguar se vendi \u00ebsht\u00eb af\u00ebr Bashkimit Europian. Por pavar\u00ebsisht propagand\u00ebs bajate t\u00eb Edi Ram\u00ebs, ambasadori i BE n\u00eb Tiran\u00eb, Silvio Gonzato ishte m\u00eb i qart\u00eb kur tha se t\u00eb rinjt\u00eb po largohen nga vendi p\u00ebr shkak t\u00eb pasiguris\u00eb p\u00ebr pun\u00ebn, cil\u00ebsis\u00eb s\u00eb arsimit dhe &hellip;<\/p>\n","protected":false},"author":3,"featured_media":109263,"comment_status":"closed","ping_status":"closed","sticky":false,"template":"","format":"standard","meta":{"footnotes":""},"categories":[37],"tags":[],"class_list":["post-109262","post","type-post","status-publish","format-standard","has-post-thumbnail","","category-politike"],"_links":{"self":[{"href":"https:\/\/rdnews.al\/index.php\/wp-json\/wp\/v2\/posts\/109262","targetHints":{"allow":["GET"]}}],"collection":[{"href":"https:\/\/rdnews.al\/index.php\/wp-json\/wp\/v2\/posts"}],"about":[{"href":"https:\/\/rdnews.al\/index.php\/wp-json\/wp\/v2\/types\/post"}],"author":[{"embeddable":true,"href":"https:\/\/rdnews.al\/index.php\/wp-json\/wp\/v2\/users\/3"}],"replies":[{"embeddable":true,"href":"https:\/\/rdnews.al\/index.php\/wp-json\/wp\/v2\/comments?post=109262"}],"version-history":[{"count":1,"href":"https:\/\/rdnews.al\/index.php\/wp-json\/wp\/v2\/posts\/109262\/revisions"}],"predecessor-version":[{"id":109264,"href":"https:\/\/rdnews.al\/index.php\/wp-json\/wp\/v2\/posts\/109262\/revisions\/109264"}],"wp:featuredmedia":[{"embeddable":true,"href":"https:\/\/rdnews.al\/index.php\/wp-json\/wp\/v2\/media\/109263"}],"wp:attachment":[{"href":"https:\/\/rdnews.al\/index.php\/wp-json\/wp\/v2\/media?parent=109262"}],"wp:term":[{"taxonomy":"category","embeddable":true,"href":"https:\/\/rdnews.al\/index.php\/wp-json\/wp\/v2\/categories?post=109262"},{"taxonomy":"post_tag","embeddable":true,"href":"https:\/\/rdnews.al\/index.php\/wp-json\/wp\/v2\/tags?post=109262"}],"curies":[{"name":"wp","href":"https:\/\/api.w.org\/{rel}","templated":true}]}}