{"id":109265,"date":"2025-04-03T16:10:22","date_gmt":"2025-04-03T16:10:22","guid":{"rendered":"https:\/\/rdnews.al\/?p=109265"},"modified":"2025-04-03T16:10:22","modified_gmt":"2025-04-03T16:10:22","slug":"berisha-bujqesia-ne-keto-vite-pesoi-nje-rrokullisje-te-vertete-sepse-qeveria-e-braktisi","status":"publish","type":"post","link":"https:\/\/rdnews.al\/index.php\/2025\/04\/03\/berisha-bujqesia-ne-keto-vite-pesoi-nje-rrokullisje-te-vertete-sepse-qeveria-e-braktisi\/","title":{"rendered":"Berisha: Bujq\u00ebsia n\u00eb k\u00ebto vite p\u00ebsoi nj\u00eb rrokullisje t\u00eb v\u00ebrtet\u00eb sepse qeveria e braktisi"},"content":{"rendered":"<p>Kryetari i Partis\u00eb Demokratike, Sali Berisha ka zhvilluar nj\u00eb takim me banor\u00ebt e zon\u00ebs s\u00eb Baldushkut n\u00eb Tiran\u00eb. Gjat\u00eb takimit, ai ka prezantuar programin p\u00ebr bujq\u00ebsin\u00eb t\u00eb \u2018PD-Shqip\u00ebria Madh\u00ebshtore\u2019.<\/p>\n<p>Gjat\u00eb bised\u00ebs, kryedemokrati u shpreh se, qeveria e braktisi fermerin gjat\u00eb k\u00ebtyre viteve, duke mos e subvencionuar dhe duke mos e mb\u00ebshtetur fermerin.<\/p>\n<p>\u201cS\u00eb pari, ju p\u00ebrsh\u00ebndes shum\u00eb p\u00ebrzem\u00ebrsisht dhe shpreh nderimin tim m\u00eb t\u00eb madh p\u00ebr secilin prej jush, p\u00ebr fermer\u00ebt shqiptar\u00eb kudo q\u00eb jan\u00eb, burra, gra, t\u00eb rinj, q\u00eb me djers\u00ebn dhe mundin e tyre, n\u00eb kushte t\u00eb v\u00ebshtira p\u00ebrballojn\u00eb jetes\u00ebn e tyre. Jo vet\u00ebm p\u00ebrballojn\u00eb jetes\u00ebn e tyre, por japin nj\u00eb ndihmes\u00eb shum\u00eb t\u00eb \u00e7muar n\u00eb jetes\u00ebn n\u00eb t\u00ebr\u00ebsi t\u00eb vendit.<\/p>\n<p>N\u00eb zon\u00ebn rurale pun\u00ebsohen rreth 500 mij\u00eb shqiptar\u00eb dhe kjo zon\u00eb jep rreth 19% t\u00eb prodhimit t\u00eb p\u00ebrgjithsh\u00ebm t\u00eb vendit.<\/p>\n<p>N\u00eb k\u00ebt\u00eb aspekt, asnj\u00eb sektor nuk \u00ebsht\u00eb m\u00eb i r\u00ebnd\u00ebsish\u00ebm se sa sektori i bujq\u00ebsis\u00eb n\u00eb Shqip\u00ebri.<\/p>\n<p>P\u00ebrve\u00e7 k\u00ebsaj, Shqip\u00ebria \u00ebsht\u00eb e v\u00ebrtet\u00eb q\u00eb ka tok\u00eb pak, kjo \u00ebsht\u00eb e njohur. Por, Shqip\u00ebria ka tok\u00eb pak n\u00eb rast se marrim parasysh fush\u00ebn, ult\u00ebsir\u00ebn bregdetare dhe fush\u00ebn. Por n\u00eb qoft\u00eb se, kemi parasysh q\u00eb toka e Shqip\u00ebris\u00eb n\u00eb t\u00eb gjith\u00eb territorin e saj \u00ebsht\u00eb nj\u00eb tok\u00eb shum\u00eb pjellore, \u00ebsht\u00eb nj\u00eb tok\u00eb t\u00ebr\u00ebsi plot uj\u00eb, \u00ebsht\u00eb nj\u00eb tok\u00eb q\u00eb prodhon dhe vet\u00ebm injorimi i saj ka b\u00ebr\u00eb q\u00eb t\u00eb dalin sip\u00ebrfaqe tok\u00eb pafund.<\/p>\n<p>Nuk ka tok\u00eb m\u00eb pjellore se toka e k\u00ebtij vendi.<\/p>\n<p>Ndaj dhe, p\u00ebr ne sektori i Bujq\u00ebsis\u00eb dhe Bujq\u00ebsia. Si\u00e7 e shihni, kjo qeveri e ka harruar fare fjal\u00ebn bujq\u00ebsi, se kjo nuk e p\u00ebrmend fare, \u00ebsht\u00eb nj\u00eb p\u00ebrpar\u00ebsi shum\u00eb e madhe.<\/p>\n<p>Bujq\u00ebsia gjat\u00eb k\u00ebtyre viteve p\u00ebsoi nj\u00eb rrokullsje t\u00eb v\u00ebrtet\u00eb. Rrokullisja e saj erdhi sepse, qeveria n\u00eb vend se t\u00eb shtonte nga viti n\u00eb vit subvencionet p\u00ebr fermer\u00ebt. \u00c7do vend, q\u00eb mendon dhe d\u00ebshiron t\u00eb zhvilloj\u00eb bujq\u00ebsin\u00eb, pa p\u00ebrjashtim \u00e7do vend, subvencionon fermerin, mbron fermerin, i jep atij mund\u00ebsin\u00eb t\u00eb ket\u00eb sukses n\u00eb pun\u00ebn e tij. Por kjo nuk ndodhi\u201d, tha Berisha.<\/p>\n","protected":false},"excerpt":{"rendered":"<p>Kryetari i Partis\u00eb Demokratike, Sali Berisha ka zhvilluar nj\u00eb takim me banor\u00ebt e zon\u00ebs s\u00eb Baldushkut n\u00eb Tiran\u00eb. Gjat\u00eb takimit, ai ka prezantuar programin p\u00ebr bujq\u00ebsin\u00eb t\u00eb \u2018PD-Shqip\u00ebria Madh\u00ebshtore\u2019. Gjat\u00eb bised\u00ebs, kryedemokrati u shpreh se, qeveria e braktisi fermerin gjat\u00eb k\u00ebtyre viteve, duke mos e subvencionuar dhe duke mos e mb\u00ebshtetur fermerin. \u201cS\u00eb pari, ju &hellip;<\/p>\n","protected":false},"author":4,"featured_media":109266,"comment_status":"closed","ping_status":"closed","sticky":false,"template":"","format":"standard","meta":{"footnotes":""},"categories":[37],"tags":[],"class_list":["post-109265","post","type-post","status-publish","format-standard","has-post-thumbnail","","category-politike"],"_links":{"self":[{"href":"https:\/\/rdnews.al\/index.php\/wp-json\/wp\/v2\/posts\/109265","targetHints":{"allow":["GET"]}}],"collection":[{"href":"https:\/\/rdnews.al\/index.php\/wp-json\/wp\/v2\/posts"}],"about":[{"href":"https:\/\/rdnews.al\/index.php\/wp-json\/wp\/v2\/types\/post"}],"author":[{"embeddable":true,"href":"https:\/\/rdnews.al\/index.php\/wp-json\/wp\/v2\/users\/4"}],"replies":[{"embeddable":true,"href":"https:\/\/rdnews.al\/index.php\/wp-json\/wp\/v2\/comments?post=109265"}],"version-history":[{"count":1,"href":"https:\/\/rdnews.al\/index.php\/wp-json\/wp\/v2\/posts\/109265\/revisions"}],"predecessor-version":[{"id":109267,"href":"https:\/\/rdnews.al\/index.php\/wp-json\/wp\/v2\/posts\/109265\/revisions\/109267"}],"wp:featuredmedia":[{"embeddable":true,"href":"https:\/\/rdnews.al\/index.php\/wp-json\/wp\/v2\/media\/109266"}],"wp:attachment":[{"href":"https:\/\/rdnews.al\/index.php\/wp-json\/wp\/v2\/media?parent=109265"}],"wp:term":[{"taxonomy":"category","embeddable":true,"href":"https:\/\/rdnews.al\/index.php\/wp-json\/wp\/v2\/categories?post=109265"},{"taxonomy":"post_tag","embeddable":true,"href":"https:\/\/rdnews.al\/index.php\/wp-json\/wp\/v2\/tags?post=109265"}],"curies":[{"name":"wp","href":"https:\/\/api.w.org\/{rel}","templated":true}]}}