{"id":109268,"date":"2025-04-03T16:14:12","date_gmt":"2025-04-03T16:14:12","guid":{"rendered":"https:\/\/rdnews.al\/?p=109268"},"modified":"2025-04-03T16:14:12","modified_gmt":"2025-04-03T16:14:12","slug":"berisha-pervec-mbeshtetjes-ndaj-fermereve-sherbimet-do-ofrohen-si-ne-nje-lagje-qyteti","status":"publish","type":"post","link":"https:\/\/rdnews.al\/index.php\/2025\/04\/03\/berisha-pervec-mbeshtetjes-ndaj-fermereve-sherbimet-do-ofrohen-si-ne-nje-lagje-qyteti\/","title":{"rendered":"Berisha: P\u00ebrve\u00e7 mb\u00ebshtetjes ndaj fermer\u00ebve, sh\u00ebrbimet do ofrohen si n\u00eb nj\u00eb lagje qyteti"},"content":{"rendered":"<p>Kryetari i PD, Sali Berisha, gjat\u00eb bashk\u00ebbisedimit me fermer\u00ebt dhe banor\u00ebt e zon\u00ebs s\u00eb Baldushkut n\u00eb Tiran\u00eb u ka premtuar atyre mb\u00ebshtetje maksimale.<\/p>\n<p>Berisha theksoi n\u00eb fjal\u00ebn e tij se, fermer\u00ebt do t\u00eb marrin t\u00eb gjitha sh\u00ebrbimet, nj\u00ebsoj si\u00e7 i merr nj\u00eb lagje qyteti.<\/p>\n<p>\u201cN\u00eb rast se ju, merrni k\u00ebto 12 vite, numri i bag\u00ebtive ka p\u00ebsuar r\u00ebnien m\u00eb t\u00eb madhe ndonj\u00ebher\u00eb n\u00eb histori. Prodhimi bujq\u00ebsor k\u00ebt\u00eb vit ka r\u00ebnie t\u00eb qart\u00eb, por prej 4-5 vitesh, n\u00eb tregjet tona 80% t\u00eb zarzavateve, frutave, prodhimeve tjera vijn\u00eb nga jasht\u00eb dhe nuk jan\u00eb shqiptare m\u00eb.<\/p>\n<p>Me qindra dhe mij\u00ebra ferma kan\u00eb falimentuar p\u00ebr shkak t\u00eb Ballkanit t\u00eb Hapur q\u00eb hap doganat, kryesisht p\u00ebr Serbin\u00eb. Serbia ka pesh\u00eb, se Serbia \u00ebsht\u00eb nj\u00eb vend me bujq\u00ebsi fare t\u00eb zhvilluar, me nj\u00eb bujq\u00ebsi q\u00eb jan\u00eb investuar edhe gjat\u00eb diktatur\u00ebs komuniste miliarda euro. Imagjinoni ju, Kosova ka sistem vaditjeje t\u00eb nj\u00ebjt\u00eb si Franca, pra nj\u00eb nga m\u00eb t\u00eb avancuarit, i instaluar ai gjat\u00eb Jugosllavis\u00eb s\u00eb Titos. Kurse, k\u00ebtu sistemi i vaditjes, e dini vet\u00eb si \u00ebsht\u00eb.<\/p>\n<p>E thash\u00eb k\u00ebt\u00eb se, fermeri shqiptar me ndihm\u00ebn e pakt\u00eb, minimalen q\u00eb ka patur, nuk mund t\u00eb konkurroj\u00eb me fermerin q\u00eb subvencionohet 5 euro krahasuar me shqiptarin q\u00eb subvencionohet 1 euro nga kjo qeveri.<\/p>\n<p>Ballkani i Hapur b\u00ebri q\u00eb me qindra e mij\u00ebra ferma t\u00eb mbyllen, t\u00eb falimentojn\u00eb. Djemt\u00eb, vajzat q\u00eb punonin t\u00eb ikin. Pra, \u00ebsht\u00eb krijuar nj\u00eb situat\u00eb shum\u00eb e v\u00ebshtir\u00eb.<\/p>\n<p>N\u00eb qoft\u00eb se ju p\u00ebrmend rrug\u00ebn. Un\u00eb e kam ndjekur dhe e ndjek vazhdimisht. Investimet n\u00eb Shqip\u00ebrin\u00eb e fshatrave, gjat\u00eb k\u00ebtyre 12 viteve, kan\u00eb qen\u00eb absolutisht pothuaj inekzistente.<\/p>\n<p>Ua them k\u00ebtu, jo p\u00ebr ndonj\u00eb gj\u00eb, por kemi investuar.<\/p>\n<p>N\u00eb Shqip\u00ebrin\u00eb rurale n\u00eb vitet 2005-2013 \u00ebsht\u00eb investuar t\u00eb pakt\u00ebn 50% m\u00eb shum\u00eb se n\u00eb t\u00eb gjitha rrug\u00ebt e Shqip\u00ebris\u00eb. por rrug\u00ebt e fshatit nuk dukeshin. Nuk kan\u00eb vizibilitetin e rrug\u00ebve komb\u00ebtare.<\/p>\n<p>N\u00eb uj\u00ebsjell\u00ebsa dhe kanalizime. Ne kemi patur dhe kemi nj\u00eb parim, t\u00eb krijojm\u00eb infrastruktur\u00ebn n\u00eb zonat rurale nj\u00eblloj si n\u00eb lagjet e qyteteve. At\u00ebher\u00eb, e kam th\u00ebn\u00eb shum\u00eb her\u00eb k\u00ebt\u00eb. Dhe sot e p\u00ebrs\u00ebris me bindjen m\u00eb t\u00eb thell\u00eb. Ne i detyrohemi fermer\u00ebve, p\u00ebrve\u00e7 mb\u00ebshtetjes s\u00eb prodhimit t\u00eb tyre, ne i detyrohemi t\u2019i krijojm\u00eb atyre infrastruktur\u00ebn e nj\u00ebjt\u00eb, rrug\u00ebt, uj\u00ebsjsell\u00ebsin, elektricitetin, sh\u00ebrbimet t\u00eb n\u00ebj lagje t\u00eb qytetit.<\/p>\n<p>Tok\u00ebn e punojn\u00eb ata vet\u00eb. Ne ndihmojm\u00eb me mjete, por pastaj \u00e7\u00ebshtje tjera i zgjidhim.<\/p>\n<p>N\u00eb pra, angazhohemi p\u00ebr nj\u00eb transformim t\u00eb infrastruktur\u00ebs t\u00eb Shqip\u00ebris\u00eb rurale dhe t\u00eb fshatrave. Angazhohemi p\u00ebr t\u00eb subvencionuar \u00e7do nj\u00ebsi prodhimi\u201d, u shpreh Berisha.<\/p>\n","protected":false},"excerpt":{"rendered":"<p>Kryetari i PD, Sali Berisha, gjat\u00eb bashk\u00ebbisedimit me fermer\u00ebt dhe banor\u00ebt e zon\u00ebs s\u00eb Baldushkut n\u00eb Tiran\u00eb u ka premtuar atyre mb\u00ebshtetje maksimale. Berisha theksoi n\u00eb fjal\u00ebn e tij se, fermer\u00ebt do t\u00eb marrin t\u00eb gjitha sh\u00ebrbimet, nj\u00ebsoj si\u00e7 i merr nj\u00eb lagje qyteti. \u201cN\u00eb rast se ju, merrni k\u00ebto 12 vite, numri i bag\u00ebtive &hellip;<\/p>\n","protected":false},"author":4,"featured_media":109269,"comment_status":"closed","ping_status":"closed","sticky":false,"template":"","format":"standard","meta":{"footnotes":""},"categories":[37],"tags":[],"class_list":["post-109268","post","type-post","status-publish","format-standard","has-post-thumbnail","","category-politike"],"_links":{"self":[{"href":"https:\/\/rdnews.al\/index.php\/wp-json\/wp\/v2\/posts\/109268","targetHints":{"allow":["GET"]}}],"collection":[{"href":"https:\/\/rdnews.al\/index.php\/wp-json\/wp\/v2\/posts"}],"about":[{"href":"https:\/\/rdnews.al\/index.php\/wp-json\/wp\/v2\/types\/post"}],"author":[{"embeddable":true,"href":"https:\/\/rdnews.al\/index.php\/wp-json\/wp\/v2\/users\/4"}],"replies":[{"embeddable":true,"href":"https:\/\/rdnews.al\/index.php\/wp-json\/wp\/v2\/comments?post=109268"}],"version-history":[{"count":1,"href":"https:\/\/rdnews.al\/index.php\/wp-json\/wp\/v2\/posts\/109268\/revisions"}],"predecessor-version":[{"id":109270,"href":"https:\/\/rdnews.al\/index.php\/wp-json\/wp\/v2\/posts\/109268\/revisions\/109270"}],"wp:featuredmedia":[{"embeddable":true,"href":"https:\/\/rdnews.al\/index.php\/wp-json\/wp\/v2\/media\/109269"}],"wp:attachment":[{"href":"https:\/\/rdnews.al\/index.php\/wp-json\/wp\/v2\/media?parent=109268"}],"wp:term":[{"taxonomy":"category","embeddable":true,"href":"https:\/\/rdnews.al\/index.php\/wp-json\/wp\/v2\/categories?post=109268"},{"taxonomy":"post_tag","embeddable":true,"href":"https:\/\/rdnews.al\/index.php\/wp-json\/wp\/v2\/tags?post=109268"}],"curies":[{"name":"wp","href":"https:\/\/api.w.org\/{rel}","templated":true}]}}