{"id":109274,"date":"2025-04-03T16:33:18","date_gmt":"2025-04-03T16:33:18","guid":{"rendered":"https:\/\/rdnews.al\/?p=109274"},"modified":"2025-04-03T16:33:27","modified_gmt":"2025-04-03T16:33:27","slug":"berisha-do-ofrojme-sherbimin-falas-fermereve-me-keshillat-dhe-udhezimet-qe-duhen","status":"publish","type":"post","link":"https:\/\/rdnews.al\/index.php\/2025\/04\/03\/berisha-do-ofrojme-sherbimin-falas-fermereve-me-keshillat-dhe-udhezimet-qe-duhen\/","title":{"rendered":"Berisha: Do ofrojm\u00eb sh\u00ebrbimin falas fermer\u00ebve me k\u00ebshillat dhe udh\u00ebzimet q\u00eb duhen"},"content":{"rendered":"<p>Kryetari i PD, Sali Berisha gjat\u00eb nj\u00eb takimi me fermer\u00ebt e Baldushkut tha se, ne do krijojm\u00eb nj\u00eb fond q\u00eb t\u2019iu mbroj\u00eb ju nga fatkeq\u00ebsit\u00eb natyrore, t\u2019u mbroj\u00eb ju nga stoku i prodhimit, p\u00ebr shkaqe t\u00eb ndryshme q\u00eb krijohen.<\/p>\n<p>\u201cNe do krijojm\u00eb nj\u00eb fond q\u00eb t\u2019iu mbroj\u00eb ju nga fatkeq\u00ebsit\u00eb natyrore, t\u2019u mbroj\u00eb ju nga stoku i prodhimit, p\u00ebr shkaqe t\u00eb ndryshme q\u00eb krijohen. Dhe ky fond do t\u00eb ket\u00eb \u00e7mimin baz\u00eb me t\u00eb cilin ne do ju p\u00ebrgjigjemi fermer\u00ebve q\u00eb ata t\u00eb mos dalin, pavar\u00ebsisht se si erdhi viti dhe se si erdhi moti, p\u00ebr shkaqe jo t\u00eb tyre, por p\u00ebr shkaqe natyrore, p\u00ebr shkaqe m\u00eb t\u00eb m\u00ebdha.<\/p>\n<p>Bujq\u00ebsia nuk ka n\u00ebj sh\u00ebrbim ekstensioni. Nuk ka. I domosdosh\u00ebm. N\u00ebp\u00ebrmjet shkollimit dhe pun\u00ebsimit t\u00eb specialist\u00ebve, ne do ofrojm\u00eb n\u00eb mbar\u00eb vendin, sh\u00ebrbimin falas fermer\u00ebve me k\u00ebshillat dhe udh\u00ebzimet q\u00eb duhen\u201d, tha Berisha.<\/p>\n","protected":false},"excerpt":{"rendered":"<p>Kryetari i PD, Sali Berisha gjat\u00eb nj\u00eb takimi me fermer\u00ebt e Baldushkut tha se, ne do krijojm\u00eb nj\u00eb fond q\u00eb t\u2019iu mbroj\u00eb ju nga fatkeq\u00ebsit\u00eb natyrore, t\u2019u mbroj\u00eb ju nga stoku i prodhimit, p\u00ebr shkaqe t\u00eb ndryshme q\u00eb krijohen. \u201cNe do krijojm\u00eb nj\u00eb fond q\u00eb t\u2019iu mbroj\u00eb ju nga fatkeq\u00ebsit\u00eb natyrore, t\u2019u mbroj\u00eb ju nga &hellip;<\/p>\n","protected":false},"author":4,"featured_media":109266,"comment_status":"closed","ping_status":"closed","sticky":false,"template":"","format":"standard","meta":{"footnotes":""},"categories":[37],"tags":[],"class_list":["post-109274","post","type-post","status-publish","format-standard","has-post-thumbnail","","category-politike"],"_links":{"self":[{"href":"https:\/\/rdnews.al\/index.php\/wp-json\/wp\/v2\/posts\/109274","targetHints":{"allow":["GET"]}}],"collection":[{"href":"https:\/\/rdnews.al\/index.php\/wp-json\/wp\/v2\/posts"}],"about":[{"href":"https:\/\/rdnews.al\/index.php\/wp-json\/wp\/v2\/types\/post"}],"author":[{"embeddable":true,"href":"https:\/\/rdnews.al\/index.php\/wp-json\/wp\/v2\/users\/4"}],"replies":[{"embeddable":true,"href":"https:\/\/rdnews.al\/index.php\/wp-json\/wp\/v2\/comments?post=109274"}],"version-history":[{"count":1,"href":"https:\/\/rdnews.al\/index.php\/wp-json\/wp\/v2\/posts\/109274\/revisions"}],"predecessor-version":[{"id":109275,"href":"https:\/\/rdnews.al\/index.php\/wp-json\/wp\/v2\/posts\/109274\/revisions\/109275"}],"wp:featuredmedia":[{"embeddable":true,"href":"https:\/\/rdnews.al\/index.php\/wp-json\/wp\/v2\/media\/109266"}],"wp:attachment":[{"href":"https:\/\/rdnews.al\/index.php\/wp-json\/wp\/v2\/media?parent=109274"}],"wp:term":[{"taxonomy":"category","embeddable":true,"href":"https:\/\/rdnews.al\/index.php\/wp-json\/wp\/v2\/categories?post=109274"},{"taxonomy":"post_tag","embeddable":true,"href":"https:\/\/rdnews.al\/index.php\/wp-json\/wp\/v2\/tags?post=109274"}],"curies":[{"name":"wp","href":"https:\/\/api.w.org\/{rel}","templated":true}]}}