{"id":109276,"date":"2025-04-03T16:35:36","date_gmt":"2025-04-03T16:35:36","guid":{"rendered":"https:\/\/rdnews.al\/?p=109276"},"modified":"2025-04-03T16:35:52","modified_gmt":"2025-04-03T16:35:52","slug":"berisha-nga-banja-mund-te-vaditet-e-tere-myzeqeja-asnje-qindarke-nuk-eshte-investuar-ne-vepren-hidrike-per-vaditjen-e-zonave","status":"publish","type":"post","link":"https:\/\/rdnews.al\/index.php\/2025\/04\/03\/berisha-nga-banja-mund-te-vaditet-e-tere-myzeqeja-asnje-qindarke-nuk-eshte-investuar-ne-vepren-hidrike-per-vaditjen-e-zonave\/","title":{"rendered":"Nga Banja mund t\u00eb vaditet e t\u00ebr\u00eb Myzeqeja! Asnj\u00eb qindark\u00eb nuk \u00ebsht\u00eb investuar n\u00eb vepr\u00ebn hidrike p\u00ebr vaditjen e zonave"},"content":{"rendered":"<p>Kryetari i PD, Sali Berisha u shpreh se asnj\u00eb investim nuk \u00ebsht\u00eb b\u00ebr\u00eb n\u00eb vepr\u00ebn hidrike, q\u00eb do t\u00eb mund\u00ebsonte vaditjen e zonave. Gjat\u00eb prezantimit t\u00eb programit t\u00eb Bujq\u00ebsis\u00eb me banoor\u00ebt e Baldushkut n\u00eb Tiran\u00eb, Berisha tha se nga Banja mund t\u00eb vaditet e gjith\u00eb Myzeqeja.<\/p>\n<p>\u201cBujq\u00ebsia nuk ka nj\u00eb sh\u00ebrbim ekstensioni. Nuk ka. I domosdosh\u00ebm. N\u00ebp\u00ebrmjet shkollimit dhe pun\u00ebsimit t\u00eb specialist\u00ebve, ne do ofrojm\u00eb n\u00eb mbar\u00eb vendin, sh\u00ebrbimin falas fermer\u00ebve me k\u00ebshillat dhe udh\u00ebzimet q\u00eb duhen.<\/p>\n<p>P\u00ebr ata q\u00eb p\u00ebrpunojn\u00eb prodhimet bujq\u00ebsore, aty ka nj\u00eb akt t\u00eb pap\u00ebrgjesh\u00ebm nga kjo qeveri. TVSH-ja e nj\u00ebanshme. Dhe me k\u00ebt\u00eb TVSH t\u00eb nj\u00ebanshme, prodhuesit i leverdis m\u00eb mir\u00eb t\u00eb blej\u00eb mallrat e importuara, se sa prodhimet tuaja. TVSH-ja. Askush n\u00eb bot\u00eb p\u00ebrve\u00e7 k\u00ebtyre, si e kan\u00eb gjetur k\u00ebta k\u00ebt\u00eb, k\u00ebta nuk e shpjegojn\u00eb ndonj\u00ebher\u00eb. Por TVSH-ja do vendoset si n\u00eb blerje ashtu dhe n\u00eb shitje.<\/p>\n<p>N\u00eb k\u00ebt\u00eb m\u00ebnyr\u00eb, p\u00ebrpunuesi detyrohet t\u2019i kthej\u00eb fermetit TVSH-n\u00eb.<\/p>\n<p>Dhe nuk asnj\u00eb arsye q\u00eb t\u00eb shkojn\u00eb t\u00eb blejn\u00eb mallin e importit para mallit t\u00eb fermerit. \u00cbktu \u00ebsht\u00eb n\u00ebj padrejt\u00ebsi, e kam theksuar shum\u00eb her\u00eb dhe e theksoj prap. \u00cbsht\u00eb taks\u00eb absolutisht armiq\u00ebsore ndaj fermerit. N\u00eb kund\u00ebrshti me ligjin dhe \u00e7do parim. Nuk \u00ebsht\u00eb e nj\u00ebanshme, ajo \u00ebsht\u00eb simetrike dhe do vendoset si n\u00eb shitje ashtu edhe n\u00eb blerje.<\/p>\n<p>Ju jeni d\u00ebshmitar, se investimet n\u00eb infrastruktur\u00ebn bujq\u00ebsore, pothuajse kan\u00eb ndaluar. Ne jemi vend me potencial t\u00eb madh vaidt\u00ebs. E theksoj k\u00ebtu, vet\u00ebm hidrocentrali i Banj\u00ebs i cili nuk \u00ebsht\u00eb nj\u00eb vep\u00ebr kryesisht energjitike. Jo, \u00ebsht\u00eb kryesisht hidroenergjitike. \u00cbsht\u00eb vep\u00ebr, e cila \u00ebsht\u00eb nd\u00ebrtuar s\u00eb pari p\u00ebr vaditje dhe pastaj prodhim energjie.<\/p>\n<p>\u00c7far\u00eb do t\u00eb thot\u00eb kjo?<\/p>\n<p>Nga Banja mund t\u00eb vaditet e t\u00ebr\u00eb Myzeqeja. Asnj\u00eb qindark\u00eb nuk \u00ebsht\u00eb investuar n\u00eb vepr\u00ebn hidrike p\u00ebr vaditjen e zonave. N\u00eb t\u00ebr\u00ebsi, japin shifra false, kemi investuar, kemi dyfishuar sip\u00ebrfaqen e vaditur. Por, tregojn\u00eb n\u00eb tv kanalet e hapura gjat\u00eb periudh\u00ebs 2005-2013 n\u00eb myzeqe dhe zona tjera.<\/p>\n<p>Ne do t\u2019i p\u00ebrkushtohemi vaditjes dhe po kaq kullimit. Kullimi \u00ebsht\u00eb, ju e dini vet\u00eb, \u00ebsht\u00eb nj\u00eb proces shum\u00eb i r\u00ebnd\u00ebsish\u00ebm dhe i domosdosh\u00ebm. Si dhe mbrojtjes s\u00eb tok\u00ebs. Toka tek ne, p\u00ebr shkak t\u00eb terrenit q\u00eb ka \u00ebsht\u00eb shum\u00eb e prekur nga erozioni. Dhe ne, pothuajse nuk shpenzojm\u00eb fare p\u00ebr mbrojtjen e tok\u00ebs, n\u00eb nj\u00eb koh\u00eb kur erozioni n\u00eb Shqip\u00ebri \u00ebsht\u00eb 12 her\u00eb m\u00eb i madh se n\u00eb vendet tjera n\u00eb BE, sepse e mbrojn\u00eb tok\u00ebn. Ne do ta mbrojm\u00eb tok\u00ebn. Ne do b\u00ebjm\u00eb investime q\u00eb t\u00eb mbrojm\u00eb token\u201d, u shpreh Berisha.<\/p>\n","protected":false},"excerpt":{"rendered":"<p>Kryetari i PD, Sali Berisha u shpreh se asnj\u00eb investim nuk \u00ebsht\u00eb b\u00ebr\u00eb n\u00eb vepr\u00ebn hidrike, q\u00eb do t\u00eb mund\u00ebsonte vaditjen e zonave. Gjat\u00eb prezantimit t\u00eb programit t\u00eb Bujq\u00ebsis\u00eb me banoor\u00ebt e Baldushkut n\u00eb Tiran\u00eb, Berisha tha se nga Banja mund t\u00eb vaditet e gjith\u00eb Myzeqeja. \u201cBujq\u00ebsia nuk ka nj\u00eb sh\u00ebrbim ekstensioni. Nuk ka. I &hellip;<\/p>\n","protected":false},"author":4,"featured_media":109269,"comment_status":"closed","ping_status":"closed","sticky":false,"template":"","format":"standard","meta":{"footnotes":""},"categories":[37],"tags":[],"class_list":["post-109276","post","type-post","status-publish","format-standard","has-post-thumbnail","","category-politike"],"_links":{"self":[{"href":"https:\/\/rdnews.al\/index.php\/wp-json\/wp\/v2\/posts\/109276","targetHints":{"allow":["GET"]}}],"collection":[{"href":"https:\/\/rdnews.al\/index.php\/wp-json\/wp\/v2\/posts"}],"about":[{"href":"https:\/\/rdnews.al\/index.php\/wp-json\/wp\/v2\/types\/post"}],"author":[{"embeddable":true,"href":"https:\/\/rdnews.al\/index.php\/wp-json\/wp\/v2\/users\/4"}],"replies":[{"embeddable":true,"href":"https:\/\/rdnews.al\/index.php\/wp-json\/wp\/v2\/comments?post=109276"}],"version-history":[{"count":2,"href":"https:\/\/rdnews.al\/index.php\/wp-json\/wp\/v2\/posts\/109276\/revisions"}],"predecessor-version":[{"id":109278,"href":"https:\/\/rdnews.al\/index.php\/wp-json\/wp\/v2\/posts\/109276\/revisions\/109278"}],"wp:featuredmedia":[{"embeddable":true,"href":"https:\/\/rdnews.al\/index.php\/wp-json\/wp\/v2\/media\/109269"}],"wp:attachment":[{"href":"https:\/\/rdnews.al\/index.php\/wp-json\/wp\/v2\/media?parent=109276"}],"wp:term":[{"taxonomy":"category","embeddable":true,"href":"https:\/\/rdnews.al\/index.php\/wp-json\/wp\/v2\/categories?post=109276"},{"taxonomy":"post_tag","embeddable":true,"href":"https:\/\/rdnews.al\/index.php\/wp-json\/wp\/v2\/tags?post=109276"}],"curies":[{"name":"wp","href":"https:\/\/api.w.org\/{rel}","templated":true}]}}