{"id":109282,"date":"2025-04-03T16:42:02","date_gmt":"2025-04-03T16:42:02","guid":{"rendered":"https:\/\/rdnews.al\/?p=109282"},"modified":"2025-04-03T16:43:58","modified_gmt":"2025-04-03T16:43:58","slug":"veliaj-peer-ulsi-manjen-do-ta-mbys-me-thonjte-e-mi-ai","status":"publish","type":"post","link":"https:\/\/rdnews.al\/index.php\/2025\/04\/03\/veliaj-peer-ulsi-manjen-do-ta-mbys-me-thonjte-e-mi-ai\/","title":{"rendered":"Veliaj p\u00ebr Ulsi Manj\u00ebn: Do ta mbys me thonjt\u00eb e mi, ai\u2026"},"content":{"rendered":"<p>Media sapo ka publikuar nj\u00eb nga p\u00ebrgjimet &#8220;e nxehta&#8221; t\u00eb Veliajt, i cili i k\u00ebrkon bashk\u00ebshortes s\u00eb tij Ajola Xox\u00ebs dhe v\u00ebllait t\u00eb tij Arb\u00ebr Veliaj q\u00eb t\u00eb flasin me ministrin e Drejt\u00ebsis\u00eb, Ulsi Manja, q\u00eb t\u00eb mos transferohet n\u00eb nj\u00eb IEVP tjet\u00ebr dhe t\u00eb shmang\u00eb kontrollet q\u00eb i b\u00ebjn\u00eb n\u00eb dhomat e paraburgimit.<\/p>\n<p>P\u00ebr k\u00ebt\u00eb ka k\u00ebrkuar nga Ajola Xoxa dhe Arb\u00ebr Veliaj q\u00eb t\u00eb angazhojn\u00eb t\u00eb gjith\u00eb t\u00eb njohurit dhe miqt\u00eb, shtetasit Mero dhe G.S. q\u00eb t\u2019ia k\u00ebrkojn\u00eb k\u00ebt\u00eb gj\u00eb Ministrit t\u00eb Drejt\u00ebsis\u00eb.<\/p>\n<p>\u201c<em>P\u00ebrpjekjet e shtetasit n\u00ebn hetim Erjon Veliaj te ministri i Drejt\u00ebsis\u00eb, n\u00eb m\u00ebnyr\u00eb q\u00eb t\u00eb mos transferohet n\u00eb IEVP tjet\u00ebr dhe t\u00eb shmanget nga kontrollet q\u00eb i b\u00ebhen n\u00eb dhomat e paraburgimit. P\u00ebr k\u00ebt\u00eb gj\u00eb, <\/em>shtetasi n\u00ebn hetim bisedon me bashk\u00ebshorten dhe v\u00ebllain e tij, q\u00eb t\u00eb angazhojn\u00eb t\u00eb njohurit, miqt\u00eb, shok\u00ebt, shtetasit Mero dhe G.S, t\u00eb cil\u00ebt duhet t\u00eb k\u00ebrkojn\u00eb te ministri i Drejt\u00ebsis\u00eb k\u00ebt\u00eb gj\u00eb.<\/p>\n<p>Gjithashtu nga p\u00ebrmbajtja e komunikimeve t\u00eb p\u00ebrgjuara p\u00ebrftohet edhe nj\u00eb e dh\u00ebn\u00eb e r\u00ebnd\u00ebsishme q\u00eb ka t\u00eb b\u00ebj\u00eb me marr\u00ebdh\u00ebnien mes dy personave n\u00ebn hetim Erion Veliaj dhe G.S.\u201d, thuhet n\u00eb p\u00ebrgjimet.<\/p>\n<p>Nd\u00ebr t\u00eb tjera, Veliaj shp\u00ebrthen ndaj ministrit Ulsi Manja, duke e quajtur qelb\u00ebsir\u00eb, pasi sipas tij i kan\u00eb b\u00ebr\u00eb zbor n\u00eb burg dhe e kan\u00eb l\u00ebn\u00eb me njer\u00ebz q\u00eb kan\u00eb 100 vite burg duke i rrezikuar jet\u00ebn dhe nuk do t\u2019ia fal\u00eb dhe &#8220;do ta mbys\u00eb me thonj&#8221;.<\/p>\n<p>\u201cI k\u00ebrkon q\u00eb t\u00eb merret me Ministrin e Drejt\u00ebsis\u00eb, pasi sipas tij i kan\u00eb b\u00ebr\u00eb zbor n\u00eb burg, dhe nuk e pranon k\u00ebt\u00eb sjellje duke e l\u00ebn\u00eb me njer\u00ebz q\u00eb kan\u00eb 100 vite burg, dhe se i ka rrezikuar jet\u00ebn. Ajola i tregon se me t\u00eb kan\u00eb folur t\u00eb gjith\u00eb. N\u00eb lidhje me Ministrin e Drejt\u00ebsis\u00eb, Erion Veliaj shprehet se i ka rrezikuar jet\u00ebn, nuk do ta fal\u00eb dhe do ta mbys\u00eb me thonj. I tregon se n\u00eb lidhje me transferimin e pritsh\u00ebm, punonj\u00ebsit n\u00eb IEVP, i kan\u00eb treguar e-mailin e d\u00ebrguar prej tij, ku gjenden shtat\u00eb emrat p\u00ebr transferim.<\/p>\n<p>Ministrit t\u00eb Drejt\u00ebsis\u00eb i drejtohet me fjal\u00ebt &#8220;Qelb\u00ebsir\u00eb\u201d dhe nuk ka p\u00ebr t\u00eda falur. M\u00eb t\u00eb nj\u00ebjtin fjalor flet edhe p\u00ebr Prokurorin Ols Dado, madje n\u00eb bised\u00eb me Ajol\u00ebn i shprehet: &#8220;Le ta d\u00ebgjojn\u00eb t\u00eb gjith\u00eb, qelb\u00ebsir\u00eb, atij s&#8217;kam p\u00ebr t&#8217;ia fal, as Ols Dados, por sidomos Ulsi Qelb\u00ebsir\u00ebs&#8230;&#8221; Biseda e Erion Veliajt me Ajol\u00ebn vazhdon ku ai flet s\u00ebrisht p\u00ebr Ministrin e Drejt\u00ebsis\u00eb, t\u00eb cilin e quan qelb\u00ebsir\u00eb, katunar i ndyr\u00eb, i ndyr\u00eb, i cili sipas tij e ka futur n\u00eb burg dhe e ka v\u00ebn\u00eb n\u00eb gjum\u00eb, e nuk pranon q\u00eb t&#8217;i b\u00ebhen kontrolle\u201d, thuhet n\u00eb p\u00ebrgjimet e siguruara nga CNA.<\/p>\n","protected":false},"excerpt":{"rendered":"<p>Media sapo ka publikuar nj\u00eb nga p\u00ebrgjimet &#8220;e nxehta&#8221; t\u00eb Veliajt, i cili i k\u00ebrkon bashk\u00ebshortes s\u00eb tij Ajola Xox\u00ebs dhe v\u00ebllait t\u00eb tij Arb\u00ebr Veliaj q\u00eb t\u00eb flasin me ministrin e Drejt\u00ebsis\u00eb, Ulsi Manja, q\u00eb t\u00eb mos transferohet n\u00eb nj\u00eb IEVP tjet\u00ebr dhe t\u00eb shmang\u00eb kontrollet q\u00eb i b\u00ebjn\u00eb n\u00eb dhomat e paraburgimit. P\u00ebr &hellip;<\/p>\n","protected":false},"author":4,"featured_media":106534,"comment_status":"closed","ping_status":"closed","sticky":false,"template":"","format":"standard","meta":{"footnotes":""},"categories":[37],"tags":[],"class_list":["post-109282","post","type-post","status-publish","format-standard","has-post-thumbnail","","category-politike"],"_links":{"self":[{"href":"https:\/\/rdnews.al\/index.php\/wp-json\/wp\/v2\/posts\/109282","targetHints":{"allow":["GET"]}}],"collection":[{"href":"https:\/\/rdnews.al\/index.php\/wp-json\/wp\/v2\/posts"}],"about":[{"href":"https:\/\/rdnews.al\/index.php\/wp-json\/wp\/v2\/types\/post"}],"author":[{"embeddable":true,"href":"https:\/\/rdnews.al\/index.php\/wp-json\/wp\/v2\/users\/4"}],"replies":[{"embeddable":true,"href":"https:\/\/rdnews.al\/index.php\/wp-json\/wp\/v2\/comments?post=109282"}],"version-history":[{"count":2,"href":"https:\/\/rdnews.al\/index.php\/wp-json\/wp\/v2\/posts\/109282\/revisions"}],"predecessor-version":[{"id":109284,"href":"https:\/\/rdnews.al\/index.php\/wp-json\/wp\/v2\/posts\/109282\/revisions\/109284"}],"wp:featuredmedia":[{"embeddable":true,"href":"https:\/\/rdnews.al\/index.php\/wp-json\/wp\/v2\/media\/106534"}],"wp:attachment":[{"href":"https:\/\/rdnews.al\/index.php\/wp-json\/wp\/v2\/media?parent=109282"}],"wp:term":[{"taxonomy":"category","embeddable":true,"href":"https:\/\/rdnews.al\/index.php\/wp-json\/wp\/v2\/categories?post=109282"},{"taxonomy":"post_tag","embeddable":true,"href":"https:\/\/rdnews.al\/index.php\/wp-json\/wp\/v2\/tags?post=109282"}],"curies":[{"name":"wp","href":"https:\/\/api.w.org\/{rel}","templated":true}]}}