{"id":109288,"date":"2025-04-03T17:03:41","date_gmt":"2025-04-03T17:03:41","guid":{"rendered":"https:\/\/rdnews.al\/?p=109288"},"modified":"2025-04-03T17:03:41","modified_gmt":"2025-04-03T17:03:41","slug":"berisha-pensionet-paperfillshme-te-kooperatives-brenda-3-muajve-te-pare-do-te-behen-200-euro","status":"publish","type":"post","link":"https:\/\/rdnews.al\/index.php\/2025\/04\/03\/berisha-pensionet-paperfillshme-te-kooperatives-brenda-3-muajve-te-pare-do-te-behen-200-euro\/","title":{"rendered":"Berisha: Pensionet pap\u00ebrfillshme t\u00eb kooperativ\u00ebs brenda 3 muajve t\u00eb par\u00eb do t\u00eb b\u00ebhen 200 euro"},"content":{"rendered":"<p>Kryetari i PD, Sali Berisha u ka premtuar fermer\u00ebve se pensionet e kooperatives, brenda 3 muajve t\u00eb par\u00eb n\u00eb qeverisjen e PD do t\u00eb b\u00ebhen 200 euro.<\/p>\n<p>N\u00eb takimin n\u00eb zon\u00ebn e\u00a0Baldushkut n\u00eb Tiran\u00eb ku prezantoi programin p\u00ebr Bujq\u00ebsin\u00eb, Berisha tha se n\u00eb Shqip\u00ebri nuk do t\u00eb ket\u00eb asnj\u00eb pension, n\u00eb qytet e fshat n\u00ebn 200 euro, nd\u00ebrsa pagat minimale do t\u00eb jen\u00eb 500 euro.<\/p>\n<p>\u201cS\u00eb fundi, un\u00eb e di se k\u00ebtu ka plot burra dhe gra t\u00eb moshuar q\u00eb kan\u00eb shkri jet\u00ebn n\u00eb kooperativ\u00eb bujq\u00ebsore dhe marrin nj\u00eb pension t\u00eb pap\u00ebrfillsh\u00ebm prej 120-130 euro, apo 150 euro.<\/p>\n<p>I garantoj se secili prej tyre, pas tre muajsh t\u00eb ardhjes n\u00eb pushtet t\u00eb PD-s\u00eb do t\u00eb ken\u00eb nj\u00eb pension prej 200 eurosh. N\u00eb Shqip\u00ebri nuk do t\u00eb ket\u00eb asnj\u00eb pension, n\u00eb qytet e as n\u00eb fshat e asgj\u00ebkundi, nd\u00ebn 200 euro.<\/p>\n<p>Rrogat minimale do jen\u00eb 500 euro. Por n\u00eb radh\u00eb t\u00eb par\u00eb vendosja e pensionit 200 euro, vendosja e minimumit jetik 200 euro si n\u00eb fshat dhe n\u00eb qytet, do jet\u00eb nj\u00eb nga hapat ton\u00eb m\u00eb t\u00eb par\u00eb.<\/p>\n<p>Un\u00eb k\u00ebto kisha n\u00eb vija t\u00eb p\u00ebrgjithshme p\u00ebr programin ndaj ju ftoj t\u00eb jepni mendime e sugjerime sepse ne jemi t\u00eb hapur dhe duam q\u00eb ky program t\u00eb jet\u00eb i pranuar nga ju, t\u00eb jet\u00eb nj\u00eb program q\u00eb ju i besoni dhe e konsideroni m\u00eb t\u00eb v\u00ebrtet\u00eb nj\u00eb program n\u00eb sh\u00ebrbim t\u00eb suksesit tuaj, n\u00eb sh\u00ebrbim t\u00eb begatimit tuaj, me mundin dhe djers\u00ebn tuaj.<\/p>\n<p>N\u00eb dat\u00ebn 11 maj, jan\u00eb dy alternativa. Nj\u00ebra \u00ebsht\u00eb kjo q\u00eb un\u00eb paraqita. Por kjo ka nj\u00eb trash\u00ebgimi. Ne n\u00eb periudh\u00ebn q\u00eb ishim n\u00eb pushtet, investuam, u p\u00ebrpoq\u00ebm t\u00eb investojm\u00eb sa m\u00eb shum\u00eb, nuk e injoruam fshatin, u b\u00eb me eksportues qum\u00ebshti. Pat nj\u00eb rritje t\u00eb lop\u00ebs s\u00eb rrac\u00ebs, t\u00eb blegtoris\u00eb, t\u00eb sip\u00ebrfaqeve t\u00eb punueshme.<\/p>\n<p>K\u00ebto b\u00ebn\u00eb nj\u00eb zmbrapsje t\u00eb madhe ndaj n\u00eb 11 maj ne kemi mund\u00ebsi edhe nj\u00ebher\u00eb ti japim nj\u00eb kthes\u00eb t\u00eb v\u00ebrtet\u00eb t\u00eb k\u00ebtij sektori, nj\u00eb mb\u00ebshtetje t\u00eb madhe t\u00eb t\u00eb gjith\u00ebve ju, dhe ta l\u00ebm\u00eb at\u00eb tjetrin, ta l\u00ebm\u00eb t\u00eb merret me bretkosa, zhaba e hardhuc\u00eb. Se ai mendon se k\u00ebshtu b\u00ebhet interesant dhe i b\u00ebn njer\u00ebzit t\u00eb harrojn\u00eb se \u00e7far\u00eb detyrimesh ka qeveria ndaj tyre.<\/p>\n<p>Mendon se k\u00ebshtu i detyron dhe i b\u00ebn njer\u00ebzit t\u00eb harrojn\u00eb se \u00e7far\u00eb vjedhjesh t\u00eb r\u00ebnda kan\u00eb b\u00ebr\u00eb ndaj shqiptar\u00ebve, \u00e7far\u00eb injorimi u kan\u00eb b\u00ebr\u00eb qytetar\u00ebve shqiptar\u00eb. T\u00eb gjitha k\u00ebto, ai e ka q\u00ebllim k\u00ebt\u00eb.<\/p>\n<p>Ngrihet n\u00eb m\u00ebngjes, nuk takon m\u00eb asnj\u00eb gazetar, i shpik ata, quhet k\u00ebshtu e ashtu, shumic\u00ebn i shpik nga koka e tij dhe u p\u00ebrgjigjet, si e si t\u00eb largoj\u00eb interesin tuaj p\u00ebr programet, \u00e7far\u00eb do b\u00ebj\u00eb qeveria e ardhshme p\u00ebr ju, p\u00ebr fshatin, p\u00ebr Shqip\u00ebrin\u00eb.<\/p>\n<p>Un\u00eb kam besim tek ju se, 11 maji do t\u00eb votoni 1-shin.<\/p>\n<p>1-shi \u00ebsht\u00eb numri i diellit, \u00ebsht\u00eb numri i fillimit, \u00ebsht\u00eb pothuajse hyjnor.<\/p>\n<p>K\u00ebshtu q\u00eb duke votuar 1-shin ju votoni ndryshimin e madh dhe votoni p\u00ebr veten tuaj, Partin\u00eb Demokratike.<\/p>\n<p>Ju garantoj se k\u00ebta deputet\u00eb q\u00eb jan\u00eb k\u00ebtu, do j\u00ebn\u00eb p\u00ebrfaq\u00ebsues t\u00eb shk\u00eblqyer t\u00eb interesave tuaja. K\u00ebta s\u00eb bashku me zot\u00ebrinjt\u00eb q\u00eb kan\u00eb hartuar programin e PD-s\u00eb, do jen\u00eb garant\u00eb t\u00eb plot\u00eb t\u00eb mbajtjes s\u00eb k\u00ebtyre premtimeve dhe zbatimit t\u00eb k\u00ebtij programi\u201d, u shpreh Berisha.<\/p>\n","protected":false},"excerpt":{"rendered":"<p>Kryetari i PD, Sali Berisha u ka premtuar fermer\u00ebve se pensionet e kooperatives, brenda 3 muajve t\u00eb par\u00eb n\u00eb qeverisjen e PD do t\u00eb b\u00ebhen 200 euro. N\u00eb takimin n\u00eb zon\u00ebn e\u00a0Baldushkut n\u00eb Tiran\u00eb ku prezantoi programin p\u00ebr Bujq\u00ebsin\u00eb, Berisha tha se n\u00eb Shqip\u00ebri nuk do t\u00eb ket\u00eb asnj\u00eb pension, n\u00eb qytet e fshat n\u00ebn &hellip;<\/p>\n","protected":false},"author":4,"featured_media":109272,"comment_status":"closed","ping_status":"closed","sticky":false,"template":"","format":"standard","meta":{"footnotes":""},"categories":[37],"tags":[],"class_list":["post-109288","post","type-post","status-publish","format-standard","has-post-thumbnail","","category-politike"],"_links":{"self":[{"href":"https:\/\/rdnews.al\/index.php\/wp-json\/wp\/v2\/posts\/109288","targetHints":{"allow":["GET"]}}],"collection":[{"href":"https:\/\/rdnews.al\/index.php\/wp-json\/wp\/v2\/posts"}],"about":[{"href":"https:\/\/rdnews.al\/index.php\/wp-json\/wp\/v2\/types\/post"}],"author":[{"embeddable":true,"href":"https:\/\/rdnews.al\/index.php\/wp-json\/wp\/v2\/users\/4"}],"replies":[{"embeddable":true,"href":"https:\/\/rdnews.al\/index.php\/wp-json\/wp\/v2\/comments?post=109288"}],"version-history":[{"count":1,"href":"https:\/\/rdnews.al\/index.php\/wp-json\/wp\/v2\/posts\/109288\/revisions"}],"predecessor-version":[{"id":109289,"href":"https:\/\/rdnews.al\/index.php\/wp-json\/wp\/v2\/posts\/109288\/revisions\/109289"}],"wp:featuredmedia":[{"embeddable":true,"href":"https:\/\/rdnews.al\/index.php\/wp-json\/wp\/v2\/media\/109272"}],"wp:attachment":[{"href":"https:\/\/rdnews.al\/index.php\/wp-json\/wp\/v2\/media?parent=109288"}],"wp:term":[{"taxonomy":"category","embeddable":true,"href":"https:\/\/rdnews.al\/index.php\/wp-json\/wp\/v2\/categories?post=109288"},{"taxonomy":"post_tag","embeddable":true,"href":"https:\/\/rdnews.al\/index.php\/wp-json\/wp\/v2\/tags?post=109288"}],"curies":[{"name":"wp","href":"https:\/\/api.w.org\/{rel}","templated":true}]}}