{"id":109300,"date":"2025-04-03T19:52:50","date_gmt":"2025-04-03T19:52:50","guid":{"rendered":"https:\/\/rdnews.al\/?p=109300"},"modified":"2025-04-03T19:53:44","modified_gmt":"2025-04-03T19:53:44","slug":"berisha-agron-shehajn-i-pabese-eshte-opozite-e-opozites-mori-databesen-e-pd-dhe","status":"publish","type":"post","link":"https:\/\/rdnews.al\/index.php\/2025\/04\/03\/berisha-agron-shehajn-i-pabese-eshte-opozite-e-opozites-mori-databesen-e-pd-dhe\/","title":{"rendered":"Berisha: Agron Shehaj \u00ebsht\u00eb opozit\u00eb e opozit\u00ebs! I pabes\u00eb, mori databes\u00ebn e PD dhe\u2026"},"content":{"rendered":"<p>Kryetari i Partis\u00eb Demokratike, Sali Berisha, u tregua i ashp\u00ebr ndaj Agron Shehajt, i cili n\u00eb zgjedhjet e 11 Majit \u2018u divorcua\u2019 nga selia blu dhe krijoi partin\u00eb e tij.<\/p>\n<p>Berisha u shpreh nw emizionin \u201cOpinion\u201d se, Shehaj \u00ebsht\u00eb opozit\u00eb e opozit\u00ebs dhe pasi krijoi partin\u00eb e tij ka shkelur kodin m\u00eb elementar moral.<\/p>\n<p>\u201cAgron Shehaj sigurisht q\u00eb \u00ebsht\u00eb opozit\u00eb e opozit\u00ebs. Pse? Agron Shehaj kishte nj\u00eb vend dhe ishte fare i respektuar n\u00eb Partin\u00eb Demokratike. Agron Shehaj papritmas, do iki m\u00eb tha mua. Mir\u00eb i thash\u00eb un\u00eb, se un\u00eb respektoj \u00e7do mendim, por i thash\u00eb Agron vend m\u00eb t\u00eb p\u00ebrshtatsh\u00ebm p\u00ebr ardhm\u00ebrin\u00eb t\u00ebnde politike nuk do gjesh.<\/p>\n<p>Shkoi, krijoi partin\u00eb. Tani Agron Shehaj, ta them k\u00ebtu, shkel kodin m\u00eb elementar moral. Ta them cili \u00ebsht\u00eb. Agron Shehaj ka marr\u00eb database-n n\u00eb pabesi t\u00eb plot\u00eb p\u00ebr t\u00eb mos th\u00ebn\u00eb dhe m\u00eb shum\u00eb t\u00eb Partis\u00eb Demokratike, t\u00eb cilin un\u00eb kam qen\u00eb shkak q\u00eb ia kam dh\u00ebn\u00eb se, nuk mund t\u2019i mbaja rezerv\u00eb dhe tani shfryt\u00ebzon k\u00ebt\u00eb database jasht\u00eb \u00e7do kodi moral. Mund t\u00eb tregoj p\u00ebrgjigje q\u00eb i tregojn\u00eb demokrat\u00ebt atij q\u00eb s\u2019mund ta b\u00ebj\u00eb kurr\u00eb.<\/p>\n<p>Ka nj\u00eb kod moral. K\u00ebto q\u00eb paraqiten t\u00eb reja dhe q\u00eb ik\u00ebn nga PD-ja, sigurisht q\u00eb shqiptar\u00ebt presin risi. \u00c7far\u00eb sjell ky? Ky p\u00ebrdor database e PD-s\u00eb, p\u00ebr t\u00eb \u00e7uar mesazhe, jasht\u00ebzakonisht e dob\u00ebt. Ti partin\u00eb t\u00ebnde do ta krijosh me pun\u00ebn t\u00ebnde si duhet\u201d,\u00a0tha Berisha ne Opinion.<\/p>\n","protected":false},"excerpt":{"rendered":"<p>Kryetari i Partis\u00eb Demokratike, Sali Berisha, u tregua i ashp\u00ebr ndaj Agron Shehajt, i cili n\u00eb zgjedhjet e 11 Majit \u2018u divorcua\u2019 nga selia blu dhe krijoi partin\u00eb e tij. Berisha u shpreh nw emizionin \u201cOpinion\u201d se, Shehaj \u00ebsht\u00eb opozit\u00eb e opozit\u00ebs dhe pasi krijoi partin\u00eb e tij ka shkelur kodin m\u00eb elementar moral. \u201cAgron &hellip;<\/p>\n","protected":false},"author":4,"featured_media":109301,"comment_status":"closed","ping_status":"closed","sticky":false,"template":"","format":"standard","meta":{"footnotes":""},"categories":[37],"tags":[],"class_list":["post-109300","post","type-post","status-publish","format-standard","has-post-thumbnail","","category-politike"],"_links":{"self":[{"href":"https:\/\/rdnews.al\/index.php\/wp-json\/wp\/v2\/posts\/109300","targetHints":{"allow":["GET"]}}],"collection":[{"href":"https:\/\/rdnews.al\/index.php\/wp-json\/wp\/v2\/posts"}],"about":[{"href":"https:\/\/rdnews.al\/index.php\/wp-json\/wp\/v2\/types\/post"}],"author":[{"embeddable":true,"href":"https:\/\/rdnews.al\/index.php\/wp-json\/wp\/v2\/users\/4"}],"replies":[{"embeddable":true,"href":"https:\/\/rdnews.al\/index.php\/wp-json\/wp\/v2\/comments?post=109300"}],"version-history":[{"count":3,"href":"https:\/\/rdnews.al\/index.php\/wp-json\/wp\/v2\/posts\/109300\/revisions"}],"predecessor-version":[{"id":109304,"href":"https:\/\/rdnews.al\/index.php\/wp-json\/wp\/v2\/posts\/109300\/revisions\/109304"}],"wp:featuredmedia":[{"embeddable":true,"href":"https:\/\/rdnews.al\/index.php\/wp-json\/wp\/v2\/media\/109301"}],"wp:attachment":[{"href":"https:\/\/rdnews.al\/index.php\/wp-json\/wp\/v2\/media?parent=109300"}],"wp:term":[{"taxonomy":"category","embeddable":true,"href":"https:\/\/rdnews.al\/index.php\/wp-json\/wp\/v2\/categories?post=109300"},{"taxonomy":"post_tag","embeddable":true,"href":"https:\/\/rdnews.al\/index.php\/wp-json\/wp\/v2\/tags?post=109300"}],"curies":[{"name":"wp","href":"https:\/\/api.w.org\/{rel}","templated":true}]}}