{"id":109317,"date":"2025-04-04T08:23:08","date_gmt":"2025-04-04T08:23:08","guid":{"rendered":"https:\/\/rdnews.al\/?p=109317"},"modified":"2025-04-04T08:23:08","modified_gmt":"2025-04-04T08:23:08","slug":"pergjimet-ndaj-veliajt-strazimiri-lufte-klanesh-brenda-ps-krimi-eshte-ne-qeveri","status":"publish","type":"post","link":"https:\/\/rdnews.al\/index.php\/2025\/04\/04\/pergjimet-ndaj-veliajt-strazimiri-lufte-klanesh-brenda-ps-krimi-eshte-ne-qeveri\/","title":{"rendered":"P\u00ebrgjimet ndaj Veliajt\/ Strazimiri: Luft\u00eb klanesh brenda PS, krimi \u00ebsht\u00eb n\u00eb qeveri!"},"content":{"rendered":"<p>Gent Strazimiri n\u00eb nj\u00eb intervist\u00eb n\u00eb Ora News teksa foli p\u00ebr dosjen e p\u00ebrgjimeve t\u00eb Erion Veliajt, shtoi se kjo \u00ebsht\u00eb nj\u00eb luft\u00eb klanesh brenda PS.<\/p>\n<p>\u201cMarrin parat\u00eb, pik\u00ebrisht parat\u00eb e korrupsionit p\u00ebr nj\u00eb pjes\u00eb t\u00eb t\u00eb cilave Erion Veliaj \u00ebsht\u00eb n\u00eb gjyq.<\/p>\n<p>Ato miliarda q\u00eb d\u00ebgjojn\u00eb shqiptar\u00ebt t\u00eb varf\u00ebruar \u00e7do dit\u00eb e m\u00eb shum\u00eb n\u00eb televizon, Veliaj, Rama, Balla dhe cilindo prej tyre nuk i mbajn\u00eb vet\u00ebm.<\/p>\n<p>I ndajn\u00eb pik\u00ebrisht me k\u00ebto q\u00eb i lavd\u00ebrojn\u00eb n\u00eb televizione.<\/p>\n<p>Logjika t\u00eb \u00e7on tek nj\u00eb luft\u00eb klanesh brenda p\u00ebrbrenda.<\/p>\n<p>Sado t\u00eb jet\u00eb c\u00ebnuar rrjeti i brendsh\u00ebm i emaileve t\u00eb SPAK, un\u00eb nuk besoj se zhduket dot dosja.<\/p>\n<p>M\u00eb shum\u00eb i ngjan faktit t\u00eb nj\u00eb mungese t\u00eb informacionit.<\/p>\n<p>Nj\u00ebri klan brenda PS ka k\u00ebrkuar duke mos pasur besim tek klani tjet\u00ebr brenda PS ka tentuar t\u00eb shikoj\u00eb se \u00e7far\u00eb ka p\u00ebr t\u00eb n\u00eb dosjen e filan prokurori n\u00eb emailin e filan prokurori.<\/p>\n<p>Kam p\u00ebrshtypjen se k\u00ebrkojn\u00eb m\u00eb shum\u00eb denoncuesin, k\u00ebrkojn\u00eb burimin.<\/p>\n<p>Krimi \u00ebsht\u00eb n\u00eb politik\u00eb. Krimi \u00ebsht\u00eb n\u00eb qeveri\u201d, tha Strazimiri.<\/p>\n","protected":false},"excerpt":{"rendered":"<p>Gent Strazimiri n\u00eb nj\u00eb intervist\u00eb n\u00eb Ora News teksa foli p\u00ebr dosjen e p\u00ebrgjimeve t\u00eb Erion Veliajt, shtoi se kjo \u00ebsht\u00eb nj\u00eb luft\u00eb klanesh brenda PS. \u201cMarrin parat\u00eb, pik\u00ebrisht parat\u00eb e korrupsionit p\u00ebr nj\u00eb pjes\u00eb t\u00eb t\u00eb cilave Erion Veliaj \u00ebsht\u00eb n\u00eb gjyq. Ato miliarda q\u00eb d\u00ebgjojn\u00eb shqiptar\u00ebt t\u00eb varf\u00ebruar \u00e7do dit\u00eb e m\u00eb shum\u00eb &hellip;<\/p>\n","protected":false},"author":4,"featured_media":8847,"comment_status":"closed","ping_status":"closed","sticky":false,"template":"","format":"standard","meta":{"footnotes":""},"categories":[37],"tags":[],"class_list":["post-109317","post","type-post","status-publish","format-standard","has-post-thumbnail","","category-politike"],"_links":{"self":[{"href":"https:\/\/rdnews.al\/index.php\/wp-json\/wp\/v2\/posts\/109317","targetHints":{"allow":["GET"]}}],"collection":[{"href":"https:\/\/rdnews.al\/index.php\/wp-json\/wp\/v2\/posts"}],"about":[{"href":"https:\/\/rdnews.al\/index.php\/wp-json\/wp\/v2\/types\/post"}],"author":[{"embeddable":true,"href":"https:\/\/rdnews.al\/index.php\/wp-json\/wp\/v2\/users\/4"}],"replies":[{"embeddable":true,"href":"https:\/\/rdnews.al\/index.php\/wp-json\/wp\/v2\/comments?post=109317"}],"version-history":[{"count":1,"href":"https:\/\/rdnews.al\/index.php\/wp-json\/wp\/v2\/posts\/109317\/revisions"}],"predecessor-version":[{"id":109318,"href":"https:\/\/rdnews.al\/index.php\/wp-json\/wp\/v2\/posts\/109317\/revisions\/109318"}],"wp:featuredmedia":[{"embeddable":true,"href":"https:\/\/rdnews.al\/index.php\/wp-json\/wp\/v2\/media\/8847"}],"wp:attachment":[{"href":"https:\/\/rdnews.al\/index.php\/wp-json\/wp\/v2\/media?parent=109317"}],"wp:term":[{"taxonomy":"category","embeddable":true,"href":"https:\/\/rdnews.al\/index.php\/wp-json\/wp\/v2\/categories?post=109317"},{"taxonomy":"post_tag","embeddable":true,"href":"https:\/\/rdnews.al\/index.php\/wp-json\/wp\/v2\/tags?post=109317"}],"curies":[{"name":"wp","href":"https:\/\/api.w.org\/{rel}","templated":true}]}}