{"id":109320,"date":"2025-04-04T08:31:09","date_gmt":"2025-04-04T08:31:09","guid":{"rendered":"https:\/\/rdnews.al\/?p=109320"},"modified":"2025-04-04T08:31:09","modified_gmt":"2025-04-04T08:31:09","slug":"partizani-gjokutaj-mungon-fakti-penal-do-te-kerkojme-pushimin-e-ceshtjes","status":"publish","type":"post","link":"https:\/\/rdnews.al\/index.php\/2025\/04\/04\/partizani-gjokutaj-mungon-fakti-penal-do-te-kerkojme-pushimin-e-ceshtjes\/","title":{"rendered":"\u201cPartizani\u201d\/ Gjokutaj: Mungon fakti penal, do t\u00eb k\u00ebrkojm\u00eb pushimin e \u00e7\u00ebshtjes"},"content":{"rendered":"<p>Pas p\u00ebrfundimit t\u00eb seanc\u00ebs s\u00eb sotme p\u00ebr dosjen \u2018Partizani\u2019, jasht\u00eb ambienteve t\u00eb GJKKO, avokati Genci Gjokutaj \u00ebsht\u00eb shprehur se hetimet paraprake lidhur me k\u00ebt\u00eb \u00e7\u00ebshtje kan\u00eb treguar se mungon fakti penal. P\u00ebr k\u00ebt\u00eb arsye, sipas tij, mbrojtja \u00ebsht\u00eb e detyruar t\u00eb k\u00ebrkoj\u00eb pushimin e \u00e7\u00ebshtjes.<\/p>\n<p>Gjokutaj theksoi se, q\u00ebndrimi i mbrojtjes ka qen\u00eb i qart\u00eb dhe konstant, duke p\u00ebrfunduar se nuk ka asnj\u00eb arsye p\u00ebr t\u00eb ndryshuar q\u00ebndrimin ndaj \u00e7\u00ebshtjes.<\/p>\n<p>\u201cM\u00eb dat\u00eb 11 ora 9:30.<\/p>\n<p>Fantazia juaj i paraprin realitetit, k\u00ebshtu q\u00eb do t\u00eb zhg\u00ebnjeheni.<\/p>\n<p>N\u00eb k\u00ebt\u00eb seanc\u00eb ishin kontestimet e prokuroris\u00eb ndaj q\u00ebndrimit ton\u00eb.<\/p>\n<p>Ne nuk kemi q\u00ebndrim variab\u00ebl. Ne e kemi shprehur q\u00eb dit\u00ebn e par\u00eb t\u00eb k\u00ebtij procedimi, gjat\u00eb gjith\u00eb hetimeve paraprake ju keni qen\u00eb n\u00eb dijeni q\u00eb mungon fakti penal. N\u00eb momentin q\u00eb mungon fakti penal ne jemi t\u00eb obliguar t\u00eb k\u00ebrkojm\u00eb pushim e \u00e7\u00ebshtjes, sepse nuk ka \u00e7\u00ebshtje.<\/p>\n<p>K\u00ebshtu q\u00eb, kjo e mbyll at\u00eb historin\u00eb e q\u00ebndrimit t\u00eb ndrysh\u00ebm tonin, n\u00ebse do ta quanim k\u00ebtu\u201d, tha Gjokutaj.<\/p>\n","protected":false},"excerpt":{"rendered":"<p>Pas p\u00ebrfundimit t\u00eb seanc\u00ebs s\u00eb sotme p\u00ebr dosjen \u2018Partizani\u2019, jasht\u00eb ambienteve t\u00eb GJKKO, avokati Genci Gjokutaj \u00ebsht\u00eb shprehur se hetimet paraprake lidhur me k\u00ebt\u00eb \u00e7\u00ebshtje kan\u00eb treguar se mungon fakti penal. P\u00ebr k\u00ebt\u00eb arsye, sipas tij, mbrojtja \u00ebsht\u00eb e detyruar t\u00eb k\u00ebrkoj\u00eb pushimin e \u00e7\u00ebshtjes. Gjokutaj theksoi se, q\u00ebndrimi i mbrojtjes ka qen\u00eb i qart\u00eb &hellip;<\/p>\n","protected":false},"author":4,"featured_media":75292,"comment_status":"closed","ping_status":"closed","sticky":false,"template":"","format":"standard","meta":{"footnotes":""},"categories":[37],"tags":[],"class_list":["post-109320","post","type-post","status-publish","format-standard","has-post-thumbnail","","category-politike"],"_links":{"self":[{"href":"https:\/\/rdnews.al\/index.php\/wp-json\/wp\/v2\/posts\/109320","targetHints":{"allow":["GET"]}}],"collection":[{"href":"https:\/\/rdnews.al\/index.php\/wp-json\/wp\/v2\/posts"}],"about":[{"href":"https:\/\/rdnews.al\/index.php\/wp-json\/wp\/v2\/types\/post"}],"author":[{"embeddable":true,"href":"https:\/\/rdnews.al\/index.php\/wp-json\/wp\/v2\/users\/4"}],"replies":[{"embeddable":true,"href":"https:\/\/rdnews.al\/index.php\/wp-json\/wp\/v2\/comments?post=109320"}],"version-history":[{"count":1,"href":"https:\/\/rdnews.al\/index.php\/wp-json\/wp\/v2\/posts\/109320\/revisions"}],"predecessor-version":[{"id":109321,"href":"https:\/\/rdnews.al\/index.php\/wp-json\/wp\/v2\/posts\/109320\/revisions\/109321"}],"wp:featuredmedia":[{"embeddable":true,"href":"https:\/\/rdnews.al\/index.php\/wp-json\/wp\/v2\/media\/75292"}],"wp:attachment":[{"href":"https:\/\/rdnews.al\/index.php\/wp-json\/wp\/v2\/media?parent=109320"}],"wp:term":[{"taxonomy":"category","embeddable":true,"href":"https:\/\/rdnews.al\/index.php\/wp-json\/wp\/v2\/categories?post=109320"},{"taxonomy":"post_tag","embeddable":true,"href":"https:\/\/rdnews.al\/index.php\/wp-json\/wp\/v2\/tags?post=109320"}],"curies":[{"name":"wp","href":"https:\/\/api.w.org\/{rel}","templated":true}]}}