{"id":109331,"date":"2025-04-04T08:51:33","date_gmt":"2025-04-04T08:51:33","guid":{"rendered":"https:\/\/rdnews.al\/?p=109331"},"modified":"2025-04-04T08:51:33","modified_gmt":"2025-04-04T08:51:33","slug":"berisha-djegesi-i-tiranes-qe-kushtoi-130-milione-euro-sa-812-mije-pensione-nuk-ka-as-nam-dhe-as-nishan","status":"publish","type":"post","link":"https:\/\/rdnews.al\/index.php\/2025\/04\/04\/berisha-djegesi-i-tiranes-qe-kushtoi-130-milione-euro-sa-812-mije-pensione-nuk-ka-as-nam-dhe-as-nishan\/","title":{"rendered":"Berisha: Djeg\u00ebsi i Tiran\u00ebs q\u00eb kushtoi 130 milion\u00eb euro, sa 812 mij\u00eb pensione, nuk ka as nam dhe as nishan"},"content":{"rendered":"<p>Kryetari i PD, Sali Berisha, gjat\u00eb nj\u00eb takimi me pensionist\u00ebt theksoi se rritja e pensioneve mund t\u00eb b\u00ebhej me fondet e pensioneve, por p\u00ebr shkak t\u00eb keqadministrimit, ato jan\u00eb l\u00ebn\u00eb t\u00eb pandryshuara.<br \/>\nAi kritikoi nd\u00ebrtimin e djeg\u00ebsit t\u00eb Tiran\u00ebs, duke theksuar se p\u00ebr k\u00ebt\u00eb projekt u shpenzuan 130 milion\u00eb euro, t\u00eb cilat u grabit\u00ebn dhe nuk soll\u00ebn asnj\u00eb rezultat. Berisha akuzoi ministren Balluku p\u00ebr mosraportim t\u00eb v\u00ebrtet\u00ebs dhe lidhjet e parave me Edi Ram\u00ebn.<br \/>\n\u201cE dyta, nuk ka dyshim q\u00eb e mira do ishte q\u00eb pensionet t\u00eb rriten duke p\u00ebrdorur fondin e pensioneve.<br \/>\nPor kur nuk ka mund\u00ebsi, pensionet nuk mund t\u2019i l\u00ebsh kurr\u00eb ashtu si\u00e7 jan\u00eb, sepse \u00e7mimet rriten, ky \u00ebsht\u00eb ligj n\u00eb ekonomin\u00eb e lir\u00eb.<br \/>\n\u00c7far\u00eb b\u00ebjn\u00eb k\u00ebta? K\u00ebta grabisin jasht\u00eb \u00e7do imagjinate.<br \/>\nUn\u00eb ftoj sot \u00e7do pensionist t\u00eb hedh\u00eb syt\u00eb n\u00eb Sharr\u00eb, ku \u00ebsht\u00eb djeg\u00ebsi. Djeg\u00ebsi i Tiran\u00ebs, q\u00eb kushtoi 130 milion\u00eb euro, q\u00eb kushtoi 812 mij\u00eb pensione, nuk ka as nam, as nishan.<br \/>\nImagjinojeni pra. Se thot\u00eb nuk kemi pare, por vidhen paret, se pare ka.<br \/>\nDjeg\u00ebsi, u dhan\u00eb parat\u00eb \u00e7do muaj dhe \u00e7do vit dhe nuk shtoi as nj\u00eb tull\u00eb.<br \/>\nDhe p\u00ebr ta mbik\u00ebqyrur djeg\u00ebsin, nd\u00ebrtimin e tij se \u00e7do punim ka nj\u00eb supervizor, paguhet nj\u00eb nj\u00ebsi prej tre vet\u00ebsh n\u00eb ministrin\u00eb e Ballukut dhe Balluku dhe ata kurr\u00eb nuk raportuan se djeg\u00ebsi nuk po nd\u00ebrtohej.<br \/>\nNuk raportuan se ajo e dinte se parat\u00eb shkonin n\u00eb kontot e Edi Ram\u00ebs, se p\u00ebrndryshe nuk e merrte kurr\u00eb p\u00ebrgjegj\u00ebsin\u00eb ligjore dhe t\u00eb mos raportonte.<br \/>\nNatyrisht n\u00eb qoft\u00eb se i zhdukim me nj\u00eb dor\u00eb 130 milion\u00eb euro,p\u00ebr pensionist\u00ebt nuk ngelet.<br \/>\nPor ama ato b\u00ebjn\u00eb 812 mij\u00eb pensione.<br \/>\nSe thon\u00eb ku jan\u00eb parat\u00eb.<br \/>\nSi nuk kemi?<br \/>\nPo marr rastin Beketi. E mori dhe e p\u00ebrzuri investitorin italian si armik sepse televizioni i tij nuk i n\u00ebnshtrohej.<br \/>\nDhe p\u00ebr t\u2019i treguar se un\u00eb vendos k\u00ebtu, e p\u00ebrzuri.<br \/>\n\u00c7far\u00eb ndodhi? 110 milion\u00eb euro gjoba dhe ua them un\u00eb, gjoba e t\u00ebra sepse mbajt\u00ebn q\u00ebndrim politik ndaj investitorit. E p\u00ebrzun\u00eb p\u00ebr motive politike.<br \/>\nPor k\u00ebto jan\u00eb mbi 500 mij\u00eb pensione.<br \/>\nAvion, se thot\u00eb ku t\u2019i gjejm\u00eb parat\u00eb, jo, parat\u00eb i ka shteti, por k\u00ebta i vjedhin parat\u00eb, i b\u00ebjn\u00eb luks. 21 milion\u00eb euro n\u00eb dy vite, 140 rrug\u00eb. Presidenti amerikan kishte 74 rrug\u00eb n\u00eb dy vite. ky 140 rrug\u00eb me avion n\u00eb dispozicion. Kancelari i Austris\u00eb udh\u00ebton pa avion n\u00eb dispozicion, udh\u00ebton me avionin tregtar si t\u00eb gjith\u00eb qytetar\u00ebt.<br \/>\nLuksi i shfrenuar, blen Kopshtin i Edenit se \u00ebsht\u00eb qejfli i madh ky, 5 milion\u00eb euro. Urdh\u00ebroni sa pensione jan\u00eb.<br \/>\nNuk ka pasur kurr\u00eb nj\u00eb instalacion druri aty. Po nuk mund ta blesh ti at\u00eb, nuk jan\u00eb parat\u00eb e tua ato. Nuk futet n\u00eb asnj\u00eb protokoll qeveritar blerja e tij. Nuk \u00ebsht\u00eb vetura q\u00eb do udh\u00ebtoj\u00eb kryeministri, por \u00ebsht\u00eb nj\u00eb instalacion p\u00ebr t\u00eb k\u00ebnaqur syt\u00eb Edi Rama.<br \/>\nNuk e blen askush, asnj\u00eb kryeminist\u00ebr\u201d, tha Berisha.<\/p>\n","protected":false},"excerpt":{"rendered":"<p>Kryetari i PD, Sali Berisha, gjat\u00eb nj\u00eb takimi me pensionist\u00ebt theksoi se rritja e pensioneve mund t\u00eb b\u00ebhej me fondet e pensioneve, por p\u00ebr shkak t\u00eb keqadministrimit, ato jan\u00eb l\u00ebn\u00eb t\u00eb pandryshuara. Ai kritikoi nd\u00ebrtimin e djeg\u00ebsit t\u00eb Tiran\u00ebs, duke theksuar se p\u00ebr k\u00ebt\u00eb projekt u shpenzuan 130 milion\u00eb euro, t\u00eb cilat u grabit\u00ebn dhe &hellip;<\/p>\n","protected":false},"author":4,"featured_media":109332,"comment_status":"closed","ping_status":"closed","sticky":false,"template":"","format":"standard","meta":{"footnotes":""},"categories":[37],"tags":[],"class_list":["post-109331","post","type-post","status-publish","format-standard","has-post-thumbnail","","category-politike"],"_links":{"self":[{"href":"https:\/\/rdnews.al\/index.php\/wp-json\/wp\/v2\/posts\/109331","targetHints":{"allow":["GET"]}}],"collection":[{"href":"https:\/\/rdnews.al\/index.php\/wp-json\/wp\/v2\/posts"}],"about":[{"href":"https:\/\/rdnews.al\/index.php\/wp-json\/wp\/v2\/types\/post"}],"author":[{"embeddable":true,"href":"https:\/\/rdnews.al\/index.php\/wp-json\/wp\/v2\/users\/4"}],"replies":[{"embeddable":true,"href":"https:\/\/rdnews.al\/index.php\/wp-json\/wp\/v2\/comments?post=109331"}],"version-history":[{"count":1,"href":"https:\/\/rdnews.al\/index.php\/wp-json\/wp\/v2\/posts\/109331\/revisions"}],"predecessor-version":[{"id":109333,"href":"https:\/\/rdnews.al\/index.php\/wp-json\/wp\/v2\/posts\/109331\/revisions\/109333"}],"wp:featuredmedia":[{"embeddable":true,"href":"https:\/\/rdnews.al\/index.php\/wp-json\/wp\/v2\/media\/109332"}],"wp:attachment":[{"href":"https:\/\/rdnews.al\/index.php\/wp-json\/wp\/v2\/media?parent=109331"}],"wp:term":[{"taxonomy":"category","embeddable":true,"href":"https:\/\/rdnews.al\/index.php\/wp-json\/wp\/v2\/categories?post=109331"},{"taxonomy":"post_tag","embeddable":true,"href":"https:\/\/rdnews.al\/index.php\/wp-json\/wp\/v2\/tags?post=109331"}],"curies":[{"name":"wp","href":"https:\/\/api.w.org\/{rel}","templated":true}]}}