{"id":109334,"date":"2025-04-04T08:57:26","date_gmt":"2025-04-04T08:57:26","guid":{"rendered":"https:\/\/rdnews.al\/?p=109334"},"modified":"2025-04-04T08:57:26","modified_gmt":"2025-04-04T08:57:26","slug":"berisha-lubi-balluku-shpenzon-10-mije-euro-ne-muaj-vetem-per-te-lare-makinen-nuk-kisha-degjuar-kurre-ne-jete-dicka-te-tille","status":"publish","type":"post","link":"https:\/\/rdnews.al\/index.php\/2025\/04\/04\/berisha-lubi-balluku-shpenzon-10-mije-euro-ne-muaj-vetem-per-te-lare-makinen-nuk-kisha-degjuar-kurre-ne-jete-dicka-te-tille\/","title":{"rendered":"Berisha: Lubi Balluku shpenzon 10 mij\u00eb euro n\u00eb muaj vet\u00ebm p\u00ebr t\u00eb lar\u00eb makin\u00ebn! Nuk kisha d\u00ebgjuar kurr\u00eb n\u00eb jet\u00eb di\u00e7ka t\u00eb till\u00eb"},"content":{"rendered":"<p>Gjat\u00eb takimit t\u00eb sot\u00ebm me pensionist\u00ebt, lideri i opozit\u00ebs, Sali Berisha e nisi fjalimin e tij duke kritikuar ashp\u00ebr qeverin\u00eb e Edi Ram\u00ebs dhe ministrat e tij p\u00ebr shp\u00ebrdorimin e parave publike dhe munges\u00ebn e ndjeshm\u00ebris\u00eb ndaj problemeve t\u00eb qytetar\u00ebve.<\/p>\n<p>Ai solli nj\u00eb shembull konkret, duke folur p\u00ebr nj\u00eb tender t\u00eb hapur nga Ministrja Balluku p\u00ebr pastrimin e automjetit t\u00eb saj, nj\u00eb shpenzim prej 10 mij\u00eb eurosh n\u00eb muaj q\u00eb, sipas Berish\u00ebs, po paguhet nga taksat e qytetar\u00ebve, p\u00ebrfshir\u00eb pensionist\u00ebt q\u00eb po p\u00ebrballen me v\u00ebshtir\u00ebsi t\u00eb m\u00ebdha ekonomike.<\/p>\n<p>\u201cT\u00eb verbuar nga luksi dhe t\u00eb shk\u00ebputur krejt\u00ebsisht nga hallet e njer\u00ebzve, nga jetesa e tyre, dje, do t\u00eb m\u00eb lejoni k\u00ebtu, mediat publikojn\u00eb nj\u00eb fakt q\u00eb n\u00eb fakt nuk e kisha d\u00ebgjuar kurr\u00eb.<\/p>\n<p>Po, druaj se nuk e ka d\u00ebgjuar ndonj\u00ebher\u00eb asnj\u00eb njeri.<\/p>\n<p>Ministrja q\u00eb un\u00eb e quaj Lubi Balluku, por e ka pak Lubi Balluku, hap tender p\u00ebr pastrimin e p\u00ebrditsh\u00ebm t\u00eb vetur\u00ebs s\u00eb saj.<\/p>\n<p>Dhe Ballukja k\u00ebrkon larje t\u00eb plot\u00eb t\u00eb automjetit brenda dhe jasht\u00eb p\u00ebr 30 minuta. Pastrimi nga brenda b\u00ebhet me fshes\u00eb dhe kompresor. Larja e automjetit me solucion dhe jo fur\u00e7\u00eb. Orari i kryerjes s\u00eb sh\u00ebrbimit nga ora 7 deri n\u00eb 9 \u00e7do dit\u00eb t\u00eb jav\u00ebs. Automjeti do pres\u00eb n\u00eb radh\u00eb p\u00ebr kryerjen e sh\u00ebrbimit jo m\u00eb shum\u00eb se 30 minuta.<\/p>\n<p>Automjeti Audi A8, dhjet\u00eb mij\u00eb euro n\u00eb muaj.<\/p>\n<p>E mora n\u00eb telefon nj\u00eb nga njer\u00ebzit shum\u00eb t\u00eb pasur q\u00eb njoh,dhe i them, a m\u00eb thua pak, at\u00eb vetur\u00ebn t\u00ebnde ku e pastron ti. E pastron shoferi, m\u00eb tha, dhe kur bie n\u00eb balt\u00eb, e \u00e7oj n\u00eb nj\u00eb lavash dhe e laj dhe kaq.<\/p>\n<p>Urdh\u00ebroni tani, 10 mij\u00eb euro n\u00eb muaj paguhen nga pensionet tuaja, nga taksat, absolutisht nuk kisha d\u00ebgjuar kurr\u00eb n\u00eb jet\u00eb nj\u00eb gj\u00eb t\u00eb till\u00eb.<\/p>\n<p>Ajo q\u00eb reciton!<\/p>\n<p>Dhe sigurisht q\u00eb k\u00ebto 10 mij\u00eb euro i ndan. Jan\u00eb t\u00eb marr\u00eb vesh me nj\u00eb servis q\u00eb hajde ndajm\u00eb parat\u00eb.<\/p>\n<p>Pra shkojn\u00eb gjer n\u00eb k\u00ebto pandjeshm\u00ebri t\u00eb m\u00ebdha ndaj problemeve t\u00eb qytetar\u00ebve\u201d, tha Berisha.<\/p>\n","protected":false},"excerpt":{"rendered":"<p>Gjat\u00eb takimit t\u00eb sot\u00ebm me pensionist\u00ebt, lideri i opozit\u00ebs, Sali Berisha e nisi fjalimin e tij duke kritikuar ashp\u00ebr qeverin\u00eb e Edi Ram\u00ebs dhe ministrat e tij p\u00ebr shp\u00ebrdorimin e parave publike dhe munges\u00ebn e ndjeshm\u00ebris\u00eb ndaj problemeve t\u00eb qytetar\u00ebve. Ai solli nj\u00eb shembull konkret, duke folur p\u00ebr nj\u00eb tender t\u00eb hapur nga Ministrja Balluku &hellip;<\/p>\n","protected":false},"author":4,"featured_media":109335,"comment_status":"closed","ping_status":"closed","sticky":false,"template":"","format":"standard","meta":{"footnotes":""},"categories":[37],"tags":[],"class_list":["post-109334","post","type-post","status-publish","format-standard","has-post-thumbnail","","category-politike"],"_links":{"self":[{"href":"https:\/\/rdnews.al\/index.php\/wp-json\/wp\/v2\/posts\/109334","targetHints":{"allow":["GET"]}}],"collection":[{"href":"https:\/\/rdnews.al\/index.php\/wp-json\/wp\/v2\/posts"}],"about":[{"href":"https:\/\/rdnews.al\/index.php\/wp-json\/wp\/v2\/types\/post"}],"author":[{"embeddable":true,"href":"https:\/\/rdnews.al\/index.php\/wp-json\/wp\/v2\/users\/4"}],"replies":[{"embeddable":true,"href":"https:\/\/rdnews.al\/index.php\/wp-json\/wp\/v2\/comments?post=109334"}],"version-history":[{"count":1,"href":"https:\/\/rdnews.al\/index.php\/wp-json\/wp\/v2\/posts\/109334\/revisions"}],"predecessor-version":[{"id":109336,"href":"https:\/\/rdnews.al\/index.php\/wp-json\/wp\/v2\/posts\/109334\/revisions\/109336"}],"wp:featuredmedia":[{"embeddable":true,"href":"https:\/\/rdnews.al\/index.php\/wp-json\/wp\/v2\/media\/109335"}],"wp:attachment":[{"href":"https:\/\/rdnews.al\/index.php\/wp-json\/wp\/v2\/media?parent=109334"}],"wp:term":[{"taxonomy":"category","embeddable":true,"href":"https:\/\/rdnews.al\/index.php\/wp-json\/wp\/v2\/categories?post=109334"},{"taxonomy":"post_tag","embeddable":true,"href":"https:\/\/rdnews.al\/index.php\/wp-json\/wp\/v2\/tags?post=109334"}],"curies":[{"name":"wp","href":"https:\/\/api.w.org\/{rel}","templated":true}]}}