{"id":109337,"date":"2025-04-04T09:02:28","date_gmt":"2025-04-04T09:02:28","guid":{"rendered":"https:\/\/rdnews.al\/?p=109337"},"modified":"2025-04-04T09:16:20","modified_gmt":"2025-04-04T09:16:20","slug":"berisha-udhetim-drejt-strasburgut-kerkon-leje-per-te-mos-u-paraqitur-ne-spak","status":"publish","type":"post","link":"https:\/\/rdnews.al\/index.php\/2025\/04\/04\/berisha-udhetim-drejt-strasburgut-kerkon-leje-per-te-mos-u-paraqitur-ne-spak\/","title":{"rendered":"Berisha udh\u00ebtim drejt Strasburgut"},"content":{"rendered":"<p>Kryetari i Partis\u00eb Demokratike, Sali Berisha do t\u00eb udh\u00ebtoj\u00eb drejt Strasburgut. P\u00ebr k\u00ebt\u00eb arsye Berisha ka k\u00ebrkuar leje nga SPAK k\u00ebt\u00eb t\u00eb h\u00ebn\u00eb q\u00eb t\u00eb mos paraqitet n\u00eb prokurorin\u00eb e posa\u00e7me.<\/p>\n<p>Lideri i opozit\u00ebs \u00ebsht\u00eb n\u00ebn mas\u00ebn e siguris\u00eb \u201cdetyrim p\u00ebr t\u2019u paraqitur\u201d n\u00eb kuad\u00ebr t\u00eb hetimeve p\u00ebr \u00e7\u00ebshtjen e privatizimit t\u00eb ish-kompleksit sportiv \u201cPartizani\u201d.<\/p>\n<p>Nuk dihet ende n\u00ebse prokuror\u00ebt do ta pranojn\u00eb k\u00ebt\u00eb k\u00ebrkes\u00eb, por precedent\u00eb t\u00eb ngjash\u00ebm ka pasur m\u00eb par\u00eb. M\u00eb her\u00ebt, SPAK ka lejuar shtyrjen e paraqitjes s\u00eb Berish\u00ebs, kur ai ka pasur angazhime zyrtare n\u00eb Gjermani.<\/p>\n<p>Mbetet p\u00ebr t\u2019u par\u00eb n\u00ebse organi i akuz\u00ebs do t\u00eb konsideroj\u00eb t\u00eb nj\u00ebjt\u00ebn qasje edhe p\u00ebr angazhimin e radh\u00ebs n\u00eb Strasburg.<\/p>\n","protected":false},"excerpt":{"rendered":"<p>Kryetari i Partis\u00eb Demokratike, Sali Berisha do t\u00eb udh\u00ebtoj\u00eb drejt Strasburgut. P\u00ebr k\u00ebt\u00eb arsye Berisha ka k\u00ebrkuar leje nga SPAK k\u00ebt\u00eb t\u00eb h\u00ebn\u00eb q\u00eb t\u00eb mos paraqitet n\u00eb prokurorin\u00eb e posa\u00e7me. Lideri i opozit\u00ebs \u00ebsht\u00eb n\u00ebn mas\u00ebn e siguris\u00eb \u201cdetyrim p\u00ebr t\u2019u paraqitur\u201d n\u00eb kuad\u00ebr t\u00eb hetimeve p\u00ebr \u00e7\u00ebshtjen e privatizimit t\u00eb ish-kompleksit sportiv \u201cPartizani\u201d. &hellip;<\/p>\n","protected":false},"author":4,"featured_media":109338,"comment_status":"closed","ping_status":"closed","sticky":false,"template":"","format":"standard","meta":{"footnotes":""},"categories":[37],"tags":[],"class_list":["post-109337","post","type-post","status-publish","format-standard","has-post-thumbnail","","category-politike"],"_links":{"self":[{"href":"https:\/\/rdnews.al\/index.php\/wp-json\/wp\/v2\/posts\/109337","targetHints":{"allow":["GET"]}}],"collection":[{"href":"https:\/\/rdnews.al\/index.php\/wp-json\/wp\/v2\/posts"}],"about":[{"href":"https:\/\/rdnews.al\/index.php\/wp-json\/wp\/v2\/types\/post"}],"author":[{"embeddable":true,"href":"https:\/\/rdnews.al\/index.php\/wp-json\/wp\/v2\/users\/4"}],"replies":[{"embeddable":true,"href":"https:\/\/rdnews.al\/index.php\/wp-json\/wp\/v2\/comments?post=109337"}],"version-history":[{"count":4,"href":"https:\/\/rdnews.al\/index.php\/wp-json\/wp\/v2\/posts\/109337\/revisions"}],"predecessor-version":[{"id":109346,"href":"https:\/\/rdnews.al\/index.php\/wp-json\/wp\/v2\/posts\/109337\/revisions\/109346"}],"wp:featuredmedia":[{"embeddable":true,"href":"https:\/\/rdnews.al\/index.php\/wp-json\/wp\/v2\/media\/109338"}],"wp:attachment":[{"href":"https:\/\/rdnews.al\/index.php\/wp-json\/wp\/v2\/media?parent=109337"}],"wp:term":[{"taxonomy":"category","embeddable":true,"href":"https:\/\/rdnews.al\/index.php\/wp-json\/wp\/v2\/categories?post=109337"},{"taxonomy":"post_tag","embeddable":true,"href":"https:\/\/rdnews.al\/index.php\/wp-json\/wp\/v2\/tags?post=109337"}],"curies":[{"name":"wp","href":"https:\/\/api.w.org\/{rel}","templated":true}]}}