{"id":109364,"date":"2025-04-04T10:01:26","date_gmt":"2025-04-04T10:01:26","guid":{"rendered":"https:\/\/rdnews.al\/?p=109364"},"modified":"2025-04-04T10:01:26","modified_gmt":"2025-04-04T10:01:26","slug":"berisha-do-te-heqim-cdo-detyrim-fiskal-per-pensionistin-qe-punon","status":"publish","type":"post","link":"https:\/\/rdnews.al\/index.php\/2025\/04\/04\/berisha-do-te-heqim-cdo-detyrim-fiskal-per-pensionistin-qe-punon\/","title":{"rendered":"Berisha: Do t\u00eb heqim \u00e7do detyrim fiskal p\u00ebr pensionistin q\u00eb punon!\u00a0"},"content":{"rendered":"<p>Kryetari i Partis\u00eb Demokratike, Sali Berisha, gjat\u00eb nj\u00eb takimi me pensionist\u00ebt, theksoi se do t\u00eb hiqen t\u00eb gjitha detyrimet fiskale p\u00ebr pensionist\u00ebt q\u00eb punojn\u00eb. Ai u angazhua p\u00ebr heqjen e taks\u00ebs mbi dividendin, duke e cil\u00ebsuar at\u00eb si nj\u00eb taks\u00eb t\u00eb padrejt\u00eb.<br \/>\nBerisha kritikoi qeverin\u00eb p\u00ebr p\u00ebrjashtimin e pensionist\u00ebve nga programet e analizave mjek\u00ebsore, duke e quajtur k\u00ebt\u00eb akt turp\u00ebrues. Ai b\u00ebri thirrje p\u00ebr nj\u00eb reform\u00eb q\u00eb do t\u00eb p\u00ebrfshij\u00eb analizat falas p\u00ebr pensionist\u00ebt dhe rimbursimin e plot\u00eb t\u00eb ila\u00e7eve p\u00ebr ta..<br \/>\n\u201cLidhur me sugjerimet e drejta tuajat, ne do heqim \u00e7do detyrim fiskal p\u00ebr pensionistin q\u00eb punon p\u00ebr ato q\u00eb fiton.<br \/>\nDo p\u00ebrjashtohet nga \u00e7do lloj detyrimi, sigurimesh apo t\u00eb tjerash.<br \/>\nLidhur me dividentin. Dividenti \u00ebsht\u00eb nj\u00eb taks\u00eb e padrejt\u00eb sepe vendos tatim mbi tatim.<br \/>\nKam qen\u00eb gjithnj\u00eb p\u00ebr heqjen e tij, dikur nuk e kemi pasur n\u00eb vitet \u201990. Tani specialist\u00ebt nuk jan\u00eb shum\u00eb dakord p\u00ebr heqjen e tij, por pas vendosjes s\u00eb taks\u00ebs s\u00eb shesht\u00eb, iu garantoj se paketa tjet\u00ebr do b\u00ebjm\u00eb \u00e7mos q\u00eb t\u00eb heqim fare taks\u00ebn p\u00ebr dividentin. Nuk duhet t\u00eb ekzistoj\u00eb.<br \/>\nAnaliza falas \u00ebsht\u00eb 100 p\u00ebrqind e mundshme. \u00c7far\u00eb b\u00ebn sot Edi Rama me bashk\u00ebshorten e kush\u00ebririt t\u00eb vet, Vilma Nushi?<br \/>\nB\u00ebn check-upin q\u00eb asnj\u00eb vend i pasur nuk e b\u00ebn dhe nga check-upi ka p\u00ebrjashtuar pensionist\u00ebt. A ka akt m\u00eb t\u00eb turpsh\u00ebm, m\u00eb absurd?<br \/>\nPo ai q\u00eb ka nevoj\u00eb p\u00ebr nj\u00eb analiz\u00eb nj\u00ebher\u00eb n\u00eb gjasht\u00eb muaj \u00ebsht\u00eb pensionisti dhe k\u00ebta pik\u00ebrisht pensionist\u00ebt i p\u00ebrjashtojn\u00eb nga check-upi.<br \/>\nDhe, q\u00eb ta dini, jan\u00eb 60 milion\u00eb euro q\u00eb Vilma Nushi me Edi Ram\u00ebn ndajn\u00eb n\u00eb check-up, se ndryshe nuk mund t\u00eb ndodhi kurr\u00eb. Jan\u00eb 60 milion\u00eb euro, nga t\u00eb cilat m\u00eb shum\u00eb se gjysma jan\u00eb analiza t\u00eb pab\u00ebra kurr\u00eb sepse Edi Rama ka firmosur kontrat\u00ebn me Vilma Nushin q\u00eb shteti do e paguaj\u00eb at\u00eb p\u00ebr 1.2 milion\u00eb analiza, p\u00ebr t\u00eb gjith\u00eb analizat e pab\u00ebra. Ajo b\u00ebn 400 mij\u00eb, 500 mij\u00eb, t\u00eb tjerat i paguan shteti, i ndan me Edi Ram\u00ebn.<br \/>\nPlus q\u00eb p\u00ebrdor t\u00eb gjith\u00eb infrastruktur\u00ebn. Kjo \u00ebsht\u00eb nj\u00eb nga pla\u00e7kitjet m\u00eb t\u00eb m\u00ebdha. Kjo merr fund!<br \/>\nAnalizat falas p\u00ebr pensionist\u00ebt do i vendosim q\u00eb muajt e par\u00eb. Pa asnj\u00eb m\u00ebdyshje.<br \/>\nP\u00ebr ila\u00e7et, ju duhet t\u00eb keni rimbursimin e plot\u00eb 100 p\u00ebrqind dhe u siguroj se ne do p\u00ebrdorim list\u00ebn m\u00eb t\u00eb gjer\u00eb t\u00eb mundshme p\u00ebr rimbursimin e ila\u00e7eve\u201d, tha Berisha.<\/p>\n","protected":false},"excerpt":{"rendered":"<p>Kryetari i Partis\u00eb Demokratike, Sali Berisha, gjat\u00eb nj\u00eb takimi me pensionist\u00ebt, theksoi se do t\u00eb hiqen t\u00eb gjitha detyrimet fiskale p\u00ebr pensionist\u00ebt q\u00eb punojn\u00eb. Ai u angazhua p\u00ebr heqjen e taks\u00ebs mbi dividendin, duke e cil\u00ebsuar at\u00eb si nj\u00eb taks\u00eb t\u00eb padrejt\u00eb. Berisha kritikoi qeverin\u00eb p\u00ebr p\u00ebrjashtimin e pensionist\u00ebve nga programet e analizave mjek\u00ebsore, duke &hellip;<\/p>\n","protected":false},"author":4,"featured_media":109332,"comment_status":"closed","ping_status":"closed","sticky":false,"template":"","format":"standard","meta":{"footnotes":""},"categories":[37],"tags":[],"class_list":["post-109364","post","type-post","status-publish","format-standard","has-post-thumbnail","","category-politike"],"_links":{"self":[{"href":"https:\/\/rdnews.al\/index.php\/wp-json\/wp\/v2\/posts\/109364","targetHints":{"allow":["GET"]}}],"collection":[{"href":"https:\/\/rdnews.al\/index.php\/wp-json\/wp\/v2\/posts"}],"about":[{"href":"https:\/\/rdnews.al\/index.php\/wp-json\/wp\/v2\/types\/post"}],"author":[{"embeddable":true,"href":"https:\/\/rdnews.al\/index.php\/wp-json\/wp\/v2\/users\/4"}],"replies":[{"embeddable":true,"href":"https:\/\/rdnews.al\/index.php\/wp-json\/wp\/v2\/comments?post=109364"}],"version-history":[{"count":1,"href":"https:\/\/rdnews.al\/index.php\/wp-json\/wp\/v2\/posts\/109364\/revisions"}],"predecessor-version":[{"id":109365,"href":"https:\/\/rdnews.al\/index.php\/wp-json\/wp\/v2\/posts\/109364\/revisions\/109365"}],"wp:featuredmedia":[{"embeddable":true,"href":"https:\/\/rdnews.al\/index.php\/wp-json\/wp\/v2\/media\/109332"}],"wp:attachment":[{"href":"https:\/\/rdnews.al\/index.php\/wp-json\/wp\/v2\/media?parent=109364"}],"wp:term":[{"taxonomy":"category","embeddable":true,"href":"https:\/\/rdnews.al\/index.php\/wp-json\/wp\/v2\/categories?post=109364"},{"taxonomy":"post_tag","embeddable":true,"href":"https:\/\/rdnews.al\/index.php\/wp-json\/wp\/v2\/tags?post=109364"}],"curies":[{"name":"wp","href":"https:\/\/api.w.org\/{rel}","templated":true}]}}