{"id":109375,"date":"2025-04-04T10:30:47","date_gmt":"2025-04-04T10:30:47","guid":{"rendered":"https:\/\/rdnews.al\/?p=109375"},"modified":"2025-04-04T10:30:47","modified_gmt":"2025-04-04T10:30:47","slug":"alizoti-me-banoret-e-prrenjasit-pd-e-angazhuar-per-te-degjuar-problematikat-e-qytetareve","status":"publish","type":"post","link":"https:\/\/rdnews.al\/index.php\/2025\/04\/04\/alizoti-me-banoret-e-prrenjasit-pd-e-angazhuar-per-te-degjuar-problematikat-e-qytetareve\/","title":{"rendered":"Alizoti me banor\u00ebt e Prrenjasit: PD e angazhuar p\u00ebr t\u00eb d\u00ebgjuar problematikat e qytetar\u00ebve"},"content":{"rendered":"<div id=\"rekl-49\">Drejtuesi politik i qarkut t\u00eb Elbasanit p\u00ebr Partin\u00eb Demokratike, Tomorr Alizoti ka postuar disa foto me banor\u00ebt e P\u00ebrrenjasit, duke treguar angazhimin e PD-s\u00eb n\u00eb takimet e saj me qytetar\u00ebt.<\/div>\n<div class=\"readmore-text-here\">\n<p>Ky postim pason nj\u00eb seri takimesh q\u00eb Partia Demokratike ka zhvilluar me banor\u00ebt, p\u00ebr t\u00eb m\u00ebsuar mbi problematikat dhe shqet\u00ebsimet e tyre.<\/p>\n<p>PD ka theksuar r\u00ebnd\u00ebsin\u00eb e angazhimit t\u00eb kandidat\u00ebve dhe strukturave t\u00eb saj q\u00eb t\u00eb shkojn\u00eb der\u00eb m\u00eb der\u00eb p\u00ebr t\u00eb d\u00ebgjuar \u00e7do shqet\u00ebsim t\u00eb qytetar\u00ebve.<\/p>\n<p>K\u00ebto takime jan\u00eb pjes\u00eb e nj\u00eb vizioni m\u00eb t\u00eb gjer\u00eb p\u00ebr t\u00eb pasur nj\u00eb lidhje m\u00eb t\u00eb ngusht\u00eb me baz\u00ebn dhe p\u00ebr t\u00eb kuptuar m\u00eb mir\u00eb nevojat e qytetar\u00ebve.<\/p>\n<p>Alizoti ka ndar\u00eb fotot e takimeve p\u00ebr t\u00eb theksuar angazhimin e Partis\u00eb Demokratike p\u00ebr t\u00eb adresuar problemet e qytetar\u00ebve.<\/p>\n<p><iframe loading=\"lazy\" src=\"https:\/\/www.facebook.com\/plugins\/post.php?href=https%3A%2F%2Fwww.facebook.com%2FTomorAlizoti%2Fposts%2Fpfbid0SpoxM5m68jgZES7w6etYddhcTFdmP688yWhDgJ1uf1xLV3fkp5hW9JpZFmo6ERiil&amp;show_text=true&amp;width=500\" width=\"500\" height=\"645\" frameborder=\"0\" scrolling=\"no\" allowfullscreen=\"allowfullscreen\" data-mce-fragment=\"1\"><\/iframe><\/p>\n<div id=\"rekl-13\"><\/div>\n<\/div>\n","protected":false},"excerpt":{"rendered":"<p>Drejtuesi politik i qarkut t\u00eb Elbasanit p\u00ebr Partin\u00eb Demokratike, Tomorr Alizoti ka postuar disa foto me banor\u00ebt e P\u00ebrrenjasit, duke treguar angazhimin e PD-s\u00eb n\u00eb takimet e saj me qytetar\u00ebt. Ky postim pason nj\u00eb seri takimesh q\u00eb Partia Demokratike ka zhvilluar me banor\u00ebt, p\u00ebr t\u00eb m\u00ebsuar mbi problematikat dhe shqet\u00ebsimet e tyre. PD ka theksuar &hellip;<\/p>\n","protected":false},"author":4,"featured_media":109376,"comment_status":"closed","ping_status":"closed","sticky":false,"template":"","format":"standard","meta":{"footnotes":""},"categories":[37],"tags":[],"class_list":["post-109375","post","type-post","status-publish","format-standard","has-post-thumbnail","","category-politike"],"_links":{"self":[{"href":"https:\/\/rdnews.al\/index.php\/wp-json\/wp\/v2\/posts\/109375","targetHints":{"allow":["GET"]}}],"collection":[{"href":"https:\/\/rdnews.al\/index.php\/wp-json\/wp\/v2\/posts"}],"about":[{"href":"https:\/\/rdnews.al\/index.php\/wp-json\/wp\/v2\/types\/post"}],"author":[{"embeddable":true,"href":"https:\/\/rdnews.al\/index.php\/wp-json\/wp\/v2\/users\/4"}],"replies":[{"embeddable":true,"href":"https:\/\/rdnews.al\/index.php\/wp-json\/wp\/v2\/comments?post=109375"}],"version-history":[{"count":1,"href":"https:\/\/rdnews.al\/index.php\/wp-json\/wp\/v2\/posts\/109375\/revisions"}],"predecessor-version":[{"id":109377,"href":"https:\/\/rdnews.al\/index.php\/wp-json\/wp\/v2\/posts\/109375\/revisions\/109377"}],"wp:featuredmedia":[{"embeddable":true,"href":"https:\/\/rdnews.al\/index.php\/wp-json\/wp\/v2\/media\/109376"}],"wp:attachment":[{"href":"https:\/\/rdnews.al\/index.php\/wp-json\/wp\/v2\/media?parent=109375"}],"wp:term":[{"taxonomy":"category","embeddable":true,"href":"https:\/\/rdnews.al\/index.php\/wp-json\/wp\/v2\/categories?post=109375"},{"taxonomy":"post_tag","embeddable":true,"href":"https:\/\/rdnews.al\/index.php\/wp-json\/wp\/v2\/tags?post=109375"}],"curies":[{"name":"wp","href":"https:\/\/api.w.org\/{rel}","templated":true}]}}