{"id":109382,"date":"2025-04-04T11:03:57","date_gmt":"2025-04-04T11:03:57","guid":{"rendered":"https:\/\/rdnews.al\/?p=109382"},"modified":"2025-04-04T11:04:30","modified_gmt":"2025-04-04T11:04:30","slug":"berisha-une-u-premtoj-pensionisteve-se-te-gjitha-padrejtesite-ligjore-ne-perllogaritjen-e-pensioneve-do-marrin-fund-brenda-3-muajsh","status":"publish","type":"post","link":"https:\/\/rdnews.al\/index.php\/2025\/04\/04\/berisha-une-u-premtoj-pensionisteve-se-te-gjitha-padrejtesite-ligjore-ne-perllogaritjen-e-pensioneve-do-marrin-fund-brenda-3-muajsh\/","title":{"rendered":"U premtoj pensionist\u00ebve se t\u00eb gjitha padrejt\u00ebsit\u00eb ligjore n\u00eb p\u00ebrllogaritjen e pensioneve do marrin fund brenda 3 muajsh"},"content":{"rendered":"<p>Lideri i opozit\u00ebs, Sali Berisha n\u00eb nj\u00eb konferenc\u00eb p\u00ebr mediat shprehu shqet\u00ebsimin e tij p\u00ebr gjendjen e pensionist\u00ebve shqiptar\u00eb, duke e cil\u00ebsuar sjelljen ndaj tyre si nj\u00eb d\u00ebshmi t\u00eb njer\u00ebzis\u00eb apo \u00e7njer\u00ebzis\u00eb s\u00eb shtetit.<\/p>\n<p>Ai theksoi se pensionist\u00ebt jan\u00eb t\u00eb pap\u00ebrfaq\u00ebsuar n\u00eb m\u00ebnyr\u00ebn m\u00eb t\u00eb keqe dhe p\u00ebrballen \u00e7do dit\u00eb me mjerim, duke shtuar se jan\u00eb shtresa m\u00eb e nevojshme q\u00eb meritojn\u00eb m\u00eb shum\u00eb v\u00ebmendje dhe p\u00ebrkrahje.<\/p>\n<p>\u201cSjellja ndaj pensionist\u00ebve \u00ebsht\u00eb d\u00ebshmi e njer\u00ebzis\u00eb apo \u00e7njer\u00ebzis\u00eb s\u00eb shtetit ndaj shqiptar\u00ebve.<\/p>\n<p>Pasi ata sot jan\u00eb pa diskutim shtresa m\u00eb n\u00eb nevoj\u00eb q\u00eb p\u00ebrballen me dhimbjet e p\u00ebrditshme dhe jo pak prej tyre, qajn\u00eb \u00e7do dit\u00eb me lot t\u00eb ftohta mjerimi.<\/p>\n<p>N\u00eb takimin q\u00eb pata sot me ta, p\u00ebrfaq\u00ebsuesit e shoqatave t\u00eb tyre shum\u00eb serioze, ata vler\u00ebsuan realisht programin e PD p\u00ebr vendosjen e minimumit jetik 200 euro q\u00eb \u00ebsht\u00eb interesi m\u00eb i madh i mbi 520 mij\u00eb pensionist\u00ebve, t\u00eb cil\u00ebt marrin q\u00eb t\u00eb gjith\u00eb n\u00ebn 200 euro.<\/p>\n<p>Vler\u00ebsuan kart\u00ebn e konsumatorit, edhe ajo si leht\u00ebsim real.<\/p>\n<p>Por b\u00ebn\u00eb edhe sugjerime t\u00eb tjera t\u00eb drejta.<\/p>\n<p>Dhe un\u00eb u premtoj sot pensionist\u00ebve shqiptar\u00eb se t\u00eb gjitha padrejt\u00ebsit\u00eb ligjore n\u00eb p\u00ebrllogaritjen e pensioneve marrin fund brenda 3 muajve t\u00eb par\u00eb t\u00eb qeverisjes s\u00eb PD.<\/p>\n<p>Qytetar\u00ebt duhet ta din\u00eb se n\u00eb ligjet p\u00ebr pensionet ka absurditete, ka mohime kontributesh, ka arbitraritete.<\/p>\n<p>Ta z\u00ebm\u00eb, n\u00eb ligjin e koh\u00ebs, pun\u00ebtori n\u00eb kooperativ\u00eb fillonte pun\u00ebn n\u00eb mosh\u00ebn 14-vje\u00e7are, kurse n\u00eb nd\u00ebrmarrjen shtet\u00ebrore, n\u00eb mosh\u00ebn 15-vje\u00e7are.<\/p>\n<p>Edi Rama ka shpallur si vit t\u00eb fillimit t\u00eb pun\u00ebs mosh\u00ebn 18-vje\u00e7are, duke u mohuar n\u00eb k\u00ebt\u00eb m\u00ebnyr\u00eb 3 dhe 4 vite, qindra e mij\u00ebra pensionist\u00ebve.<\/p>\n<p>Un\u00eb dhash\u00eb k\u00ebtu vet\u00ebm nj\u00eb shembull t\u00eb absurditeteve ligjore q\u00eb k\u00ebta kan\u00eb vendosur.<\/p>\n<p>Tani rikthehemi p\u00ebr nj\u00eb moment tek gropa q\u00eb thot\u00eb Edi Rama te fondi i pensioneve. Autori m\u00eb i madh n\u00eb grop\u00ebn e pensioneve \u00ebsht\u00eb Edi Rama, jo vet\u00ebm me largimin masiv e pun\u00ebtor\u00ebve dhe t\u00eb rinjve nga Shqip\u00ebria, por me mospages\u00ebn e kontributeve shoq\u00ebrore p\u00ebr punonj\u00ebsit e administrat\u00ebs dhe nd\u00ebrmarrjeve publike.<\/p>\n<p>Kjo \u00ebsht\u00eb e pad\u00ebgjuar ndonj\u00ebher\u00eb, q\u00eb shteti nuk paguan sigurimet shoq\u00ebrore p\u00ebr punonj\u00ebsit e tij. Pra, shteti mban n\u00eb zi punonj\u00ebsit e tij.<\/p>\n<p>Pra, administrata shtet\u00ebrore \u00ebsht\u00eb nj\u00eb piramid\u00eb informaliteti.<\/p>\n<p>Dhe kjo merr fund. Kjo nuk ka ekzistuar.<\/p>\n<p>Un\u00eb garantoj q\u00eb do jet\u00eb i hekurt ligji, q\u00eb nj\u00ebkoh\u00ebsisht me disbursimin e pagave do t\u00eb disbursohen sigurimet p\u00ebr \u00e7do punonj\u00ebs n\u00eb m\u00ebnyr\u00eb t\u00eb prer\u00eb dhe t\u00eb padiskutueshme.<\/p>\n<p>Pensionist\u00ebt dhan\u00eb ide t\u00eb tjera, propozime t\u00eb tjera shum\u00eb t\u00eb arsyeshme.<\/p>\n<p>Ata k\u00ebrkuan q\u00eb shteti t\u00eb shmang\u00eb nga detyrimi fiskal t\u00eb ardhurat q\u00eb ata krijojn\u00eb pas daljes n\u00eb pension, pagat q\u00eb marrin pas daljes n\u00eb pension, dhe kjo do t\u00eb ndodh\u00eb.<\/p>\n<p>Mora p\u00ebrsip\u00ebr q\u00eb pensionist\u00ebt nuk do paguajn\u00eb sigurime apo taksa t\u00eb tjera p\u00ebr pag\u00ebn.<\/p>\n<p>Pensionist\u00ebt k\u00ebrkojn\u00eb jo udh\u00ebtim falas, por me gjys\u00ebm \u00e7mimi, dhe un\u00eb u premtoj atyre udh\u00ebtim me gjysm\u00eb \u00e7mimi n\u00eb t\u00eb gjith\u00eb Shqip\u00ebrin\u00eb.<\/p>\n<p>\u00cbsht\u00eb b\u00ebr\u00eb e paimagjinueshme, sot me linjat ajrore shkon m\u00eb lir\u00eb Tiran\u00eb-Berlin se sa Tiran\u00eb-Vlor\u00eb me autobus apo me taksi. Pensionist\u00ebt me let\u00ebrnjoftimin q\u00eb d\u00ebshmon mosh\u00ebn, do ken\u00eb bileta t\u00eb p\u00ebrgjysmuara.<\/p>\n<p>Pensionist\u00ebt do ken\u00eb t\u00eb drejt\u00eb t\u00eb analizave baz\u00eb, falas \u00e7do 6 muaj. Falas! Ju e dini, check-upi Rama-Nushi i p\u00ebrjashton pensionist\u00ebt. Kushton 60 milion\u00eb euro, ndahen s\u00eb bashku mes Edi Ram\u00ebs dhe Vilma Nushit dhe i p\u00ebrjashtojn\u00eb pensionist\u00ebt.<\/p>\n<p>Check-upi do anulohet menj\u00ebher\u00eb dhe pensionist\u00ebve do u njihet e drejta e analizave falas dy her\u00eb n\u00eb vit.<\/p>\n<p>Pensionist\u00ebt k\u00ebrkojn\u00eb gjithashtu organizime kulturore n\u00eb grupe, brenda vendit mund\u00ebsisht, por ndonj\u00ebher\u00eb edhe n\u00eb vendet p\u00ebrreth. Ministria do ket\u00eb t\u00eb gjith\u00eb fondet dhe buxhetin p\u00ebr nj\u00eb trajtim sa m\u00eb dinjitoz t\u00eb pensionist\u00ebve.<\/p>\n<p>Pra, un\u00eb mund t\u00eb them se ky ishte nj\u00eb takim shum\u00eb i frytsh\u00ebm.<br \/>\nShoqata e pensionist\u00ebve raportoi se n\u00eb rast se qeveria q\u00eb po ik\u00ebn, do t\u00eb kishte ndjekur trendin e qeveris\u00eb s\u00eb m\u00ebparshme n\u00eb rritjen e pensioneve, sot pensioni mesatar do ishte 210 euro.<\/p>\n<p>Po imagjinoni ju n\u00eb qoft\u00eb se marrim parasysh dyfishimin e \u00e7mimeve, ai duhej t\u00eb ishte s\u00eb paku 260 euro, dhe \u00ebsht\u00eb 170 euro.<\/p>\n<p>Pra, \u00ebsht\u00eb nj\u00eb situat\u00eb t\u00eb cil\u00ebn Aleanca p\u00ebr Shqip\u00ebrin\u00eb Madh\u00ebshtore merr p\u00ebrsip\u00ebr ta ndryshoj\u00eb me shpejt\u00ebsi.<\/p>\n<p>Dhe konsideron v\u00ebrtet kjo \u00ebsht\u00eb nj\u00eb fatur\u00eb sociale, nuk mohohet, por konservatorizmi nuk injoron kurr\u00eb dimensionin e dhembshuris\u00eb njer\u00ebzore, e ka n\u00eb moralin e tij. Ndaj dhe ne jemi kaq t\u00eb fokusuar n\u00eb paket\u00ebn e dhembshuris\u00eb dhe p\u00ebrdit\u00ebsimin e saj\u201d, u shpreh Berisha.<\/p>\n","protected":false},"excerpt":{"rendered":"<p>Lideri i opozit\u00ebs, Sali Berisha n\u00eb nj\u00eb konferenc\u00eb p\u00ebr mediat shprehu shqet\u00ebsimin e tij p\u00ebr gjendjen e pensionist\u00ebve shqiptar\u00eb, duke e cil\u00ebsuar sjelljen ndaj tyre si nj\u00eb d\u00ebshmi t\u00eb njer\u00ebzis\u00eb apo \u00e7njer\u00ebzis\u00eb s\u00eb shtetit. Ai theksoi se pensionist\u00ebt jan\u00eb t\u00eb pap\u00ebrfaq\u00ebsuar n\u00eb m\u00ebnyr\u00ebn m\u00eb t\u00eb keqe dhe p\u00ebrballen \u00e7do dit\u00eb me mjerim, duke shtuar se &hellip;<\/p>\n","protected":false},"author":4,"featured_media":109383,"comment_status":"closed","ping_status":"closed","sticky":false,"template":"","format":"standard","meta":{"footnotes":""},"categories":[37],"tags":[],"class_list":["post-109382","post","type-post","status-publish","format-standard","has-post-thumbnail","","category-politike"],"_links":{"self":[{"href":"https:\/\/rdnews.al\/index.php\/wp-json\/wp\/v2\/posts\/109382","targetHints":{"allow":["GET"]}}],"collection":[{"href":"https:\/\/rdnews.al\/index.php\/wp-json\/wp\/v2\/posts"}],"about":[{"href":"https:\/\/rdnews.al\/index.php\/wp-json\/wp\/v2\/types\/post"}],"author":[{"embeddable":true,"href":"https:\/\/rdnews.al\/index.php\/wp-json\/wp\/v2\/users\/4"}],"replies":[{"embeddable":true,"href":"https:\/\/rdnews.al\/index.php\/wp-json\/wp\/v2\/comments?post=109382"}],"version-history":[{"count":3,"href":"https:\/\/rdnews.al\/index.php\/wp-json\/wp\/v2\/posts\/109382\/revisions"}],"predecessor-version":[{"id":109386,"href":"https:\/\/rdnews.al\/index.php\/wp-json\/wp\/v2\/posts\/109382\/revisions\/109386"}],"wp:featuredmedia":[{"embeddable":true,"href":"https:\/\/rdnews.al\/index.php\/wp-json\/wp\/v2\/media\/109383"}],"wp:attachment":[{"href":"https:\/\/rdnews.al\/index.php\/wp-json\/wp\/v2\/media?parent=109382"}],"wp:term":[{"taxonomy":"category","embeddable":true,"href":"https:\/\/rdnews.al\/index.php\/wp-json\/wp\/v2\/categories?post=109382"},{"taxonomy":"post_tag","embeddable":true,"href":"https:\/\/rdnews.al\/index.php\/wp-json\/wp\/v2\/tags?post=109382"}],"curies":[{"name":"wp","href":"https:\/\/api.w.org\/{rel}","templated":true}]}}