{"id":109387,"date":"2025-04-04T11:08:24","date_gmt":"2025-04-04T11:08:24","guid":{"rendered":"https:\/\/rdnews.al\/?p=109387"},"modified":"2025-04-04T11:08:24","modified_gmt":"2025-04-04T11:08:24","slug":"berisha-pensioniste-e-kane-pelqyer-programin-e-pd-dhe-paketen-e-dhembshurise","status":"publish","type":"post","link":"https:\/\/rdnews.al\/index.php\/2025\/04\/04\/berisha-pensioniste-e-kane-pelqyer-programin-e-pd-dhe-paketen-e-dhembshurise\/","title":{"rendered":"Berisha: Pensionist\u00eb e kan\u00eb p\u00eblqyer programin e PD dhe paket\u00ebn e dhembshuris\u00eb!"},"content":{"rendered":"<p>Kryetari i PD, Sali Berisha deklaroi gjat\u00eb nj\u00eb konference p\u00ebr mediat se, pensionist\u00ebt e kan\u00eb mb\u00ebshtetur programin e Partis\u00eb Demokratike dhe refuzojn\u00eb q\u00ebndrimin cinik t\u00eb Edi Ram\u00ebs ndaj tyre.<\/p>\n<p>Ai theksoi se pensionist\u00ebt nuk k\u00ebrkojn\u00eb asgj\u00eb m\u00eb shum\u00eb se shp\u00ebrblimin q\u00eb meritojn\u00eb, ashtu si\u00e7 ndodh n\u00eb vende si Kosova, Maqedonia dhe Mali i Zi. Sipas tij, nj\u00eb pensionist n\u00eb Shqip\u00ebri dikur merrte m\u00eb shum\u00eb se n\u00eb Bullgari dhe Rumani, por sot situata \u00ebsht\u00eb p\u00ebrkeq\u00ebsuar.<\/p>\n<p>\u201c\u00c7far\u00eb m\u00eb rezulton nga kjo? Mua m\u00eb rezulton se pensionist\u00ebt e kan\u00eb p\u00eblqyer programin e PD-s\u00eb dhe pensionist\u00ebt jan\u00eb kund\u00ebr, refuzojn\u00eb q\u00ebndrimin cinik t\u00eb Edi Ram\u00ebs ndaj tyre, mashtrimet e tij p\u00ebr humner\u00ebn, por edhe bonuset, dhurata me pikatore.<\/p>\n<p>Pensionist\u00ebt nuk duan gj\u00eb tjet\u00ebr ve\u00e7 se shp\u00ebrblimin q\u00eb meritojn\u00eb, si\u00e7 jan\u00eb pensionist\u00ebt n\u00eb Kosov\u00eb, Maqedoni e Mal t\u00eb zi. Nj\u00eb pensionist n\u00eb Shqip\u00ebri\u00a0 merrte m\u00eb shum\u00eb se nj\u00eb pensionist n\u00eb Bullgari e Rumani, q\u00eb ishin an\u00ebtare t\u00eb BE-s\u00eb. Sot \u00ebsht\u00eb rrokullisur.<\/p>\n<p>Sot jan\u00eb t\u00eb fundit. Pse, sepse administrata nuk paguan sigurimet shoq\u00ebrore. Sepse Edi Rama n\u00eb m\u00ebnyr\u00ebn m\u00eb t\u00eb paimagjinueshme ndan 16 milion\u00eb euro nga 8 miliard\u00eb, p\u00ebr pensionist\u00ebt.<\/p>\n<p>Sigurisht q\u00eb pensionist\u00eb kan\u00eb p\u00eblqyer realisht paket\u00ebn e dhembshuris\u00eb\u201d, tha Berisha.<\/p>\n","protected":false},"excerpt":{"rendered":"<p>Kryetari i PD, Sali Berisha deklaroi gjat\u00eb nj\u00eb konference p\u00ebr mediat se, pensionist\u00ebt e kan\u00eb mb\u00ebshtetur programin e Partis\u00eb Demokratike dhe refuzojn\u00eb q\u00ebndrimin cinik t\u00eb Edi Ram\u00ebs ndaj tyre. Ai theksoi se pensionist\u00ebt nuk k\u00ebrkojn\u00eb asgj\u00eb m\u00eb shum\u00eb se shp\u00ebrblimin q\u00eb meritojn\u00eb, ashtu si\u00e7 ndodh n\u00eb vende si Kosova, Maqedonia dhe Mali i Zi. Sipas &hellip;<\/p>\n","protected":false},"author":4,"featured_media":109388,"comment_status":"closed","ping_status":"closed","sticky":false,"template":"","format":"standard","meta":{"footnotes":""},"categories":[37],"tags":[],"class_list":["post-109387","post","type-post","status-publish","format-standard","has-post-thumbnail","","category-politike"],"_links":{"self":[{"href":"https:\/\/rdnews.al\/index.php\/wp-json\/wp\/v2\/posts\/109387","targetHints":{"allow":["GET"]}}],"collection":[{"href":"https:\/\/rdnews.al\/index.php\/wp-json\/wp\/v2\/posts"}],"about":[{"href":"https:\/\/rdnews.al\/index.php\/wp-json\/wp\/v2\/types\/post"}],"author":[{"embeddable":true,"href":"https:\/\/rdnews.al\/index.php\/wp-json\/wp\/v2\/users\/4"}],"replies":[{"embeddable":true,"href":"https:\/\/rdnews.al\/index.php\/wp-json\/wp\/v2\/comments?post=109387"}],"version-history":[{"count":1,"href":"https:\/\/rdnews.al\/index.php\/wp-json\/wp\/v2\/posts\/109387\/revisions"}],"predecessor-version":[{"id":109389,"href":"https:\/\/rdnews.al\/index.php\/wp-json\/wp\/v2\/posts\/109387\/revisions\/109389"}],"wp:featuredmedia":[{"embeddable":true,"href":"https:\/\/rdnews.al\/index.php\/wp-json\/wp\/v2\/media\/109388"}],"wp:attachment":[{"href":"https:\/\/rdnews.al\/index.php\/wp-json\/wp\/v2\/media?parent=109387"}],"wp:term":[{"taxonomy":"category","embeddable":true,"href":"https:\/\/rdnews.al\/index.php\/wp-json\/wp\/v2\/categories?post=109387"},{"taxonomy":"post_tag","embeddable":true,"href":"https:\/\/rdnews.al\/index.php\/wp-json\/wp\/v2\/tags?post=109387"}],"curies":[{"name":"wp","href":"https:\/\/api.w.org\/{rel}","templated":true}]}}