{"id":109402,"date":"2025-04-04T11:40:39","date_gmt":"2025-04-04T11:40:39","guid":{"rendered":"https:\/\/rdnews.al\/?p=109402"},"modified":"2025-04-04T11:42:09","modified_gmt":"2025-04-04T11:42:09","slug":"intervista-e-liri-berishes-berisha-kam-nje-adhurim-te-pafund-per-lilin-e-falenderoj-loliten","status":"publish","type":"post","link":"https:\/\/rdnews.al\/index.php\/2025\/04\/04\/intervista-e-liri-berishes-berisha-kam-nje-adhurim-te-pafund-per-lilin-e-falenderoj-loliten\/","title":{"rendered":"Intervista e Liri Berish\u00ebs\/ Berisha: Kam nj\u00eb adhurim t\u00eb pafund p\u00ebr Lilin, fal\u00ebnderoj Lolit\u00ebn!"},"content":{"rendered":"<p>Kryetari i PD, Sali Berisha \u00ebsht\u00eb pyetur nga gazetar\u00ebt p\u00ebr intervist\u00ebn e Liri Berish\u00ebs me Lolit\u00ebn. Berisha iu drejtua gazetarit, mos m\u00eb pyet mua p\u00ebr Lilin, sepse jam n\u00eb konflikt t\u00eb plot\u00eb interesi&#8230;<\/p>\n<p>\u201cS\u00eb pari nj\u00ebher\u00eb e fal\u00ebnderoj Lolit\u00ebn p\u00ebr iniciativ\u00ebn e saj.<\/p>\n<p>S\u00eb dyti mos m\u00eb pyet mua p\u00ebr Lilin, sepse jam n\u00eb konflikt t\u00eb plot\u00eb interesi, kam nj\u00eb adhurim t\u00eb pafund p\u00ebr t\u00eb, ndaj un\u00eb nuk mund t\u00eb them\u201d, tha Berisha.<\/p>\n","protected":false},"excerpt":{"rendered":"<p>Kryetari i PD, Sali Berisha \u00ebsht\u00eb pyetur nga gazetar\u00ebt p\u00ebr intervist\u00ebn e Liri Berish\u00ebs me Lolit\u00ebn. Berisha iu drejtua gazetarit, mos m\u00eb pyet mua p\u00ebr Lilin, sepse jam n\u00eb konflikt t\u00eb plot\u00eb interesi&#8230; \u201cS\u00eb pari nj\u00ebher\u00eb e fal\u00ebnderoj Lolit\u00ebn p\u00ebr iniciativ\u00ebn e saj. S\u00eb dyti mos m\u00eb pyet mua p\u00ebr Lilin, sepse jam n\u00eb konflikt &hellip;<\/p>\n","protected":false},"author":4,"featured_media":109393,"comment_status":"closed","ping_status":"closed","sticky":false,"template":"","format":"standard","meta":{"footnotes":""},"categories":[37],"tags":[],"class_list":["post-109402","post","type-post","status-publish","format-standard","has-post-thumbnail","","category-politike"],"_links":{"self":[{"href":"https:\/\/rdnews.al\/index.php\/wp-json\/wp\/v2\/posts\/109402","targetHints":{"allow":["GET"]}}],"collection":[{"href":"https:\/\/rdnews.al\/index.php\/wp-json\/wp\/v2\/posts"}],"about":[{"href":"https:\/\/rdnews.al\/index.php\/wp-json\/wp\/v2\/types\/post"}],"author":[{"embeddable":true,"href":"https:\/\/rdnews.al\/index.php\/wp-json\/wp\/v2\/users\/4"}],"replies":[{"embeddable":true,"href":"https:\/\/rdnews.al\/index.php\/wp-json\/wp\/v2\/comments?post=109402"}],"version-history":[{"count":2,"href":"https:\/\/rdnews.al\/index.php\/wp-json\/wp\/v2\/posts\/109402\/revisions"}],"predecessor-version":[{"id":109404,"href":"https:\/\/rdnews.al\/index.php\/wp-json\/wp\/v2\/posts\/109402\/revisions\/109404"}],"wp:featuredmedia":[{"embeddable":true,"href":"https:\/\/rdnews.al\/index.php\/wp-json\/wp\/v2\/media\/109393"}],"wp:attachment":[{"href":"https:\/\/rdnews.al\/index.php\/wp-json\/wp\/v2\/media?parent=109402"}],"wp:term":[{"taxonomy":"category","embeddable":true,"href":"https:\/\/rdnews.al\/index.php\/wp-json\/wp\/v2\/categories?post=109402"},{"taxonomy":"post_tag","embeddable":true,"href":"https:\/\/rdnews.al\/index.php\/wp-json\/wp\/v2\/tags?post=109402"}],"curies":[{"name":"wp","href":"https:\/\/api.w.org\/{rel}","templated":true}]}}