{"id":109408,"date":"2025-04-04T14:29:43","date_gmt":"2025-04-04T14:29:43","guid":{"rendered":"https:\/\/rdnews.al\/?p=109408"},"modified":"2025-04-04T14:29:43","modified_gmt":"2025-04-04T14:29:43","slug":"kullat-qe-do-te-ngrihen-mbi-stadiumin-selman-stermasi","status":"publish","type":"post","link":"https:\/\/rdnews.al\/index.php\/2025\/04\/04\/kullat-qe-do-te-ngrihen-mbi-stadiumin-selman-stermasi\/","title":{"rendered":"Kullat q\u00eb do t\u00eb ngrihen mbi stadiumin Selman St\u00ebrmasi"},"content":{"rendered":"<p>Fotot m\u00eb posht\u00eb jan\u00eb projektet q\u00eb i jan\u00eb prezantuar k\u00ebt\u00eb t\u00eb premte kryeministrit Rama n\u00eb gar\u00ebn p\u00ebr rijet\u00ebzimin e stadiumit \u201cSelman St\u00ebrmasi\u201d, ish Dinamo si dhe zon\u00ebn p\u00ebrreth tij. Faza finale e gar\u00ebs do t\u00eb ket\u00eb pes\u00eb studio, ku tre fituesit do t\u00eb kalojn\u00eb n\u00eb faz\u00ebn tjet\u00ebr dhe nj\u00eb mes tyre do t\u00eb fitoj\u00eb.<\/p>\n<p>Korporata e Investimeve Shqiptare kishte hapur zyrtarisht gar\u00ebn p\u00ebr rind\u00ebrtimin e stadiumit n\u00eb fillim t\u00eb k\u00ebtij viti.<\/p>\n<p>Projekti i investimit realizohet sipas modelit t\u00eb Arena Komb\u00ebtare ku Korporata dhe Bashkia Tiran\u00eb japin pron\u00ebn q\u00eb kan\u00eb n\u00eb dispozicion dhe ku ata q\u00eb p\u00ebrfitojn\u00eb kullat rinovojn\u00eb edhe stadiumin. Por nga fotot e projekteve t\u00eb paraqitura duket se do t\u00eb zhduket edhe nj\u00eb pjes\u00eb e aneksit sportiv para stadiumit i cila ka qen\u00eb fush\u00eb futbolli.<\/p>\n","protected":false},"excerpt":{"rendered":"<p>Fotot m\u00eb posht\u00eb jan\u00eb projektet q\u00eb i jan\u00eb prezantuar k\u00ebt\u00eb t\u00eb premte kryeministrit Rama n\u00eb gar\u00ebn p\u00ebr rijet\u00ebzimin e stadiumit \u201cSelman St\u00ebrmasi\u201d, ish Dinamo si dhe zon\u00ebn p\u00ebrreth tij. Faza finale e gar\u00ebs do t\u00eb ket\u00eb pes\u00eb studio, ku tre fituesit do t\u00eb kalojn\u00eb n\u00eb faz\u00ebn tjet\u00ebr dhe nj\u00eb mes tyre do t\u00eb fitoj\u00eb. Korporata &hellip;<\/p>\n","protected":false},"author":3,"featured_media":109409,"comment_status":"closed","ping_status":"closed","sticky":false,"template":"","format":"standard","meta":{"footnotes":""},"categories":[37],"tags":[],"class_list":["post-109408","post","type-post","status-publish","format-standard","has-post-thumbnail","","category-politike"],"_links":{"self":[{"href":"https:\/\/rdnews.al\/index.php\/wp-json\/wp\/v2\/posts\/109408","targetHints":{"allow":["GET"]}}],"collection":[{"href":"https:\/\/rdnews.al\/index.php\/wp-json\/wp\/v2\/posts"}],"about":[{"href":"https:\/\/rdnews.al\/index.php\/wp-json\/wp\/v2\/types\/post"}],"author":[{"embeddable":true,"href":"https:\/\/rdnews.al\/index.php\/wp-json\/wp\/v2\/users\/3"}],"replies":[{"embeddable":true,"href":"https:\/\/rdnews.al\/index.php\/wp-json\/wp\/v2\/comments?post=109408"}],"version-history":[{"count":1,"href":"https:\/\/rdnews.al\/index.php\/wp-json\/wp\/v2\/posts\/109408\/revisions"}],"predecessor-version":[{"id":109410,"href":"https:\/\/rdnews.al\/index.php\/wp-json\/wp\/v2\/posts\/109408\/revisions\/109410"}],"wp:featuredmedia":[{"embeddable":true,"href":"https:\/\/rdnews.al\/index.php\/wp-json\/wp\/v2\/media\/109409"}],"wp:attachment":[{"href":"https:\/\/rdnews.al\/index.php\/wp-json\/wp\/v2\/media?parent=109408"}],"wp:term":[{"taxonomy":"category","embeddable":true,"href":"https:\/\/rdnews.al\/index.php\/wp-json\/wp\/v2\/categories?post=109408"},{"taxonomy":"post_tag","embeddable":true,"href":"https:\/\/rdnews.al\/index.php\/wp-json\/wp\/v2\/tags?post=109408"}],"curies":[{"name":"wp","href":"https:\/\/api.w.org\/{rel}","templated":true}]}}