{"id":109411,"date":"2025-04-04T15:55:14","date_gmt":"2025-04-04T15:55:14","guid":{"rendered":"https:\/\/rdnews.al\/?p=109411"},"modified":"2025-04-04T15:55:29","modified_gmt":"2025-04-04T15:55:29","slug":"kellici-spak-kunder-spak-prokurore-te-kesaj-strukture-inkurajojne-lecjanin-karlo-bollino-te-godase-koleget-e-tyre","status":"publish","type":"post","link":"https:\/\/rdnews.al\/index.php\/2025\/04\/04\/kellici-spak-kunder-spak-prokurore-te-kesaj-strukture-inkurajojne-lecjanin-karlo-bollino-te-godase-koleget-e-tyre\/","title":{"rendered":"K\u00eblli\u00e7i: SPAK kund\u00ebr SPAK! Prokuror\u00eb t\u00eb k\u00ebsaj strukture inkurajojn\u00eb le\u00e7janin Karlo Bollino, t\u00eb godas\u00eb koleg\u00ebt e tyre!"},"content":{"rendered":"<p><strong>Deklarata e an\u00ebtarit t\u00eb kryesis\u00eb s\u00eb PD, Belind K\u00eblli\u00e7i:<\/strong><\/p>\n<p>T\u00eb nderuar qytetar\u00eb,<\/p>\n<p>Dit\u00ebn e djeshme portali CNA.al dhe televizioni CNA ka nisur publikimin e komunikimeve t\u00eb Erion Veliajt me familjar\u00ebt e tij, nga ambjentet e burgut t\u00eb Durr\u00ebsit.<\/p>\n<p>Nga k\u00ebto p\u00ebrgjime kuptohet fare qart\u00eb se le\u00e7jani Carlo Bollino \u00ebsht\u00eb pjes\u00eb thelb\u00ebsore e skem\u00ebs mediatike t\u00eb kryebashkiakut n\u00eb qeli, p\u00ebr t\u00eb sulmuar prokuror\u00ebt e SPAK, Ols Dado dhe Altin Dumani. Deri k\u00ebtu asgj\u00eb e re nuk po ndodh, pasi p\u00ebr k\u00ebt\u00eb struktur\u00eb kriminale q\u00eb lin\u00e7on k\u00ebdo p\u00ebr ti sh\u00ebrbyer pushtetit, kemi vite q\u00eb flasim dhe SPAK nuk ka reaguar, e sot kjo strukur\u00eb po sulmon vet\u00eb prokuror\u00ebt e posa\u00e7\u00ebm dhe sistemin e ri t\u00eb drejt\u00ebsis\u00eb, t\u00eb cil\u00ebt deri dje i quante koleg\u00eb t\u00eb nderuar, t\u00eb disiplinuar dhe t\u00eb mir\u00eborganizuar.<\/p>\n<p>Nga kjo foltore kam b\u00ebr\u00eb publike disa her\u00eb lidhjet dhe p\u00ebrdorimin e medias s\u00eb Carlo Bollinos me k\u00ebt\u00eb struktur\u00eb kriminale.<\/p>\n<p>Kam b\u00ebr\u00eb publike email-et p\u00ebr pagesat q\u00eb merrte media e Carlos nga Inceneratori inekzistent i Tiran\u00ebs p\u00ebr fushat\u00ebn elektorale t\u00eb vitit 2021.<\/p>\n<p>Kam b\u00ebr\u00eb publike parat\u00eb q\u00eb Carlo ka marr\u00eb nga buxheti i AKSHI-t p\u00ebr t\u00eb nd\u00ebrtuar godin\u00ebn, nga ku sot shpif e lin\u00e7on n\u00eb m\u00ebnyr\u00eb permanente opozit\u00ebn, e tashm\u00eb edhe SPAK-un.<\/p>\n<p>Kam b\u00ebr\u00eb publike afer\u00ebn 1 euro me firm\u00ebn e Edi Ram\u00ebs dhe Erion Veliajt, p\u00ebr ti dh\u00ebn\u00eb Carlos 4120 m 2 truall publik, i cili ishte i destinuar p\u00ebr shkoll\u00eb dhe p\u00ebrfundoi n\u00eb nj\u00eb mejhane mediatike q\u00eb shpif e baltos \u00e7do dit\u00eb k\u00ebdo q\u00eb kritikon grupin e strukturuar kriminal t\u00eb inceneratorit Tiran\u00eb apo 5D.<\/p>\n<p>Prej m\u00eb shum\u00eb se nj\u00eb vitit e gjys\u00ebm Partia Demokratike e Shqip\u00ebris\u00eb, ka depozituar 2 kall\u00ebzime penale n\u00eb SPAK p\u00ebr aferat e Carlo Bollinos, t\u00eb cilat sipas informacionit zyrtar jan\u00eb bashkuar n\u00eb nj\u00eb kall\u00ebzim t\u00eb vet\u00ebm, ku \u00ebsht\u00eb regjistruar vepra penale, por ende pa autor.<\/p>\n<p>Pavar\u00ebsisht se autorin, nuk ka njeri me logjik\u00eb normale, q\u00eb nuk e kupton se kush \u00ebsht\u00eb.<\/p>\n<p>Ajo \u00e7\u2019ka p\u00ebrb\u00ebn sot interes madhor p\u00ebr opinionin publik \u00ebsht\u00eb identiteti i prokurorit t\u00eb posa\u00e7\u00ebm q\u00eb po mban n\u00eb sirtar k\u00ebt\u00eb dosje kriminale, duke e NXITUR k\u00ebshtu Carlon t\u00eb vazhdoj\u00eb t\u00eb shpif\u00eb e t\u00eb baltos\u00eb \u00e7do dit\u00eb jo vet\u00ebm opozit\u00ebn, por tashm\u00eb si\u00e7 e faktojn\u00eb dhe p\u00ebrgjimet, edhe vet\u00eb struktur\u00ebn e posa\u00e7me.<\/p>\n<p>Kush \u00ebsht\u00eb ky prokuror q\u00eb po i sh\u00ebrben verb\u00ebrisht grupit t\u00eb strukturuar kriminal 5D?<\/p>\n<p>P\u00ebrse SPAK i jep koh\u00eb bandit\u00ebve t\u00eb till\u00eb mediatik\u00eb, duke fshehur faktet dhe provat e depozituara nga Partia Demokratike prej 18 muajsh?<\/p>\n<p>Kush \u00ebsht\u00eb zyrtari i lart\u00eb i Partis\u00eb Socialiste, ish minist\u00ebr e sot kandidat p\u00ebr deputet, q\u00eb fshihet jo vet\u00ebm pas k\u00ebtij prokurori, por sipas gazetar\u00ebve dhe pas shantazhimit me nxjerrjen e dosjeve hetimore t\u00eb prokuror\u00ebve q\u00eb po hetojn\u00eb Erion Veliajn.<\/p>\n<p>K\u00ebto jan\u00eb pyetje t\u00eb cilave duhet tu jepet p\u00ebrgjigje sot.<\/p>\n<p>Kushdo q\u00eb shkel ligjin, duhet t\u00eb trajtohet i barabart\u00eb p\u00ebrpara Ligjit.<\/p>\n<p>Pak r\u00ebnd\u00ebsi ka n\u00ebse quhet Carlo, Erion apo Edvin.<\/p>\n<p>Ju faleminderit.<\/p>\n","protected":false},"excerpt":{"rendered":"<p>Deklarata e an\u00ebtarit t\u00eb kryesis\u00eb s\u00eb PD, Belind K\u00eblli\u00e7i: T\u00eb nderuar qytetar\u00eb, Dit\u00ebn e djeshme portali CNA.al dhe televizioni CNA ka nisur publikimin e komunikimeve t\u00eb Erion Veliajt me familjar\u00ebt e tij, nga ambjentet e burgut t\u00eb Durr\u00ebsit. Nga k\u00ebto p\u00ebrgjime kuptohet fare qart\u00eb se le\u00e7jani Carlo Bollino \u00ebsht\u00eb pjes\u00eb thelb\u00ebsore e skem\u00ebs mediatike t\u00eb &hellip;<\/p>\n","protected":false},"author":4,"featured_media":109412,"comment_status":"closed","ping_status":"closed","sticky":false,"template":"","format":"standard","meta":{"footnotes":""},"categories":[37],"tags":[],"class_list":["post-109411","post","type-post","status-publish","format-standard","has-post-thumbnail","","category-politike"],"_links":{"self":[{"href":"https:\/\/rdnews.al\/index.php\/wp-json\/wp\/v2\/posts\/109411","targetHints":{"allow":["GET"]}}],"collection":[{"href":"https:\/\/rdnews.al\/index.php\/wp-json\/wp\/v2\/posts"}],"about":[{"href":"https:\/\/rdnews.al\/index.php\/wp-json\/wp\/v2\/types\/post"}],"author":[{"embeddable":true,"href":"https:\/\/rdnews.al\/index.php\/wp-json\/wp\/v2\/users\/4"}],"replies":[{"embeddable":true,"href":"https:\/\/rdnews.al\/index.php\/wp-json\/wp\/v2\/comments?post=109411"}],"version-history":[{"count":2,"href":"https:\/\/rdnews.al\/index.php\/wp-json\/wp\/v2\/posts\/109411\/revisions"}],"predecessor-version":[{"id":109414,"href":"https:\/\/rdnews.al\/index.php\/wp-json\/wp\/v2\/posts\/109411\/revisions\/109414"}],"wp:featuredmedia":[{"embeddable":true,"href":"https:\/\/rdnews.al\/index.php\/wp-json\/wp\/v2\/media\/109412"}],"wp:attachment":[{"href":"https:\/\/rdnews.al\/index.php\/wp-json\/wp\/v2\/media?parent=109411"}],"wp:term":[{"taxonomy":"category","embeddable":true,"href":"https:\/\/rdnews.al\/index.php\/wp-json\/wp\/v2\/categories?post=109411"},{"taxonomy":"post_tag","embeddable":true,"href":"https:\/\/rdnews.al\/index.php\/wp-json\/wp\/v2\/tags?post=109411"}],"curies":[{"name":"wp","href":"https:\/\/api.w.org\/{rel}","templated":true}]}}