{"id":109431,"date":"2025-04-04T16:35:14","date_gmt":"2025-04-04T16:35:14","guid":{"rendered":"https:\/\/rdnews.al\/?p=109431"},"modified":"2025-04-05T09:34:28","modified_gmt":"2025-04-05T09:34:28","slug":"kellici-pd-me-qytetaret-me-11-maj-do-ti-nxjerrin-kartonin-e-kuq-edi-rames","status":"publish","type":"post","link":"https:\/\/rdnews.al\/index.php\/2025\/04\/04\/kellici-pd-me-qytetaret-me-11-maj-do-ti-nxjerrin-kartonin-e-kuq-edi-rames\/","title":{"rendered":"K\u00eblli\u00e7i: PD me qytetar\u00ebt m\u00eb 11 Maj do t\u2019i nxjerrin kartonin e kuq Edi Ram\u00ebs!"},"content":{"rendered":"<p>Drejtuesi politik i PD p\u00ebr Tiran\u00ebn, Belind K\u00eblli\u00e7i, gjat\u00eb fjal\u00ebs s\u00eb tij n\u00eb takiin n\u00eb nj\u00ebsin\u00eb nr. 2 n\u00eb Tiran\u00eb, u shpreh se qytetar\u00ebt po e b\u00ebjn\u00eb Edi Ram\u00ebn t\u00eb humb\u00eb kontrollin.<\/p>\n<p>Ai e akuzoi kryeministrin p\u00ebr mashtrimet e tij gjat\u00eb k\u00ebtyre viteve dhe theksoi se Partia Demokratike, bashk\u00eb me qytetar\u00ebt, do t\u2019i jap\u00eb p\u00ebrgjigjen e merituar me 11 Maj, duke nxjerr\u00eb kartonin e kuq p\u00ebr Ram\u00ebn.<\/p>\n<p>\u201cFaleminderit demokrat\u00ebve q\u00eb keni ardhur, sepse n\u00eb fakt, po e \u00e7m\u00ebndni Edi Ram\u00ebn k\u00ebto koh\u00eb. N\u00ebse shihni postimet e tij t\u00eb fundit, do t\u00eb vini re nj\u00eb montazh video nga nj\u00eb nj\u00ebsis\u00eb tjet\u00ebr, por n\u00eb fakt, ai ka probleme t\u00eb theksuara me zonjat. Ai ka sulmuar kryetaren e PD-s\u00eb n\u00eb deg\u00ebn nr. 9.<\/p>\n<p>Sot, jemi n\u00eb deg\u00ebn nr. 2, ku kemi nj\u00eb zonj\u00eb t\u00eb nderuar si kryetare t\u00eb deg\u00ebs, zonj\u00ebn Tabaku, Metaj dhe t\u00eb tjer\u00eb. Prisni reagimin e Ram\u00ebs me hardhuca, zhapik\u00eb dhe bufa, sepse tjet\u00ebr gj\u00eb nuk di t\u00eb thot\u00eb p\u00ebr qytetar\u00ebt. Ka 12 vite q\u00eb nuk mban asnj\u00eb premtim.<\/p>\n<p>P\u00ebr momentin, jemi n\u00eb nj\u00ebsin\u00eb num\u00ebr dy, n\u00eb nj\u00eb zon\u00eb q\u00eb mban emrin &#8220;Depo e Ujit&#8221;, dhe nd\u00ebrkoh\u00eb, uj\u00eb t\u00eb pijsh\u00ebm nuk ka. Rama n\u00eb 2013 premtoi uj\u00eb t\u00eb pijsh\u00ebm 24 or\u00eb p\u00ebr qytetar\u00ebt e Tiran\u00ebs, dhe sot, 12 vjet m\u00eb von\u00eb, vijon t\u00eb premtoj\u00eb uj\u00eb 24 or\u00eb n\u00eb dit\u00eb. Dhe kush \u00ebsht\u00eb fajtor p\u00ebr k\u00ebto 12 vjet? Saliu, thot\u00eb ai, por ka 12 vjet q\u00eb \u00ebsht\u00eb kryeminist\u00ebr.<\/p>\n<p>Doktor, kam p\u00ebrshtypjen q\u00eb pas k\u00ebtij takimi t\u00eb zjarrt\u00eb, Rama do t\u00eb lajthit\u00eb prap\u00eb me videomontazhe t\u00eb tjera, por Edi Ram\u00ebs i kemi l\u00ebn\u00eb hardhucat, zhapik\u00ebt dhe t\u00eb gjith\u00eb llojet e kafsh\u00ebve.<\/p>\n<p>Korrupsioni, krimi i organizuar, trafiku i drog\u00ebs, or\u00ebt e dor\u00ebs nga gjysm\u00eb milion ose 1 milion euro, shishet e ver\u00ebs 33.600 euro dhe 200 pensione mujore, ai i pi n\u00eb nj\u00eb drek\u00eb me nj\u00eb shishe ver\u00eb.<\/p>\n<p>\u00cbsht\u00eb kryeministri i vendit m\u00eb t\u00eb varf\u00ebr t\u00eb Europ\u00ebs, q\u00eb udh\u00ebton me avion privat. Nj\u00eb njeri i cili, para se t\u00eb zgjidhej kryeminist\u00ebr, pretendonte se ishte artist dhe nuk kishte hapur asnj\u00eb ekspozit\u00eb n\u00eb jet\u00ebn e tij.<\/p>\n<p>Me parat\u00eb e qytetar\u00ebve, p\u00ebr rrug\u00eb, ato para i ka \u00e7uar p\u00ebr t\u00eb hapur ekspozita n\u00ebp\u00ebr bot\u00eb, me lek\u00ebt e shqiptar\u00ebve. P\u00ebrgjigjen do t\u2019ja japim m\u00eb 11 Maj. PD, me nr. 1, bashk\u00eb me qytetar\u00ebt e k\u00ebtij vendi, m\u00eb 11 Maj i nxjerrin kartonin e kuq Edi Ram\u00ebs\u201d, tha K\u00eblli\u00e7i.<\/p>\n","protected":false},"excerpt":{"rendered":"<p>Drejtuesi politik i PD p\u00ebr Tiran\u00ebn, Belind K\u00eblli\u00e7i, gjat\u00eb fjal\u00ebs s\u00eb tij n\u00eb takiin n\u00eb nj\u00ebsin\u00eb nr. 2 n\u00eb Tiran\u00eb, u shpreh se qytetar\u00ebt po e b\u00ebjn\u00eb Edi Ram\u00ebn t\u00eb humb\u00eb kontrollin. Ai e akuzoi kryeministrin p\u00ebr mashtrimet e tij gjat\u00eb k\u00ebtyre viteve dhe theksoi se Partia Demokratike, bashk\u00eb me qytetar\u00ebt, do t\u2019i jap\u00eb p\u00ebrgjigjen &hellip;<\/p>\n","protected":false},"author":4,"featured_media":109501,"comment_status":"closed","ping_status":"closed","sticky":false,"template":"","format":"standard","meta":{"footnotes":""},"categories":[37],"tags":[],"class_list":["post-109431","post","type-post","status-publish","format-standard","has-post-thumbnail","","category-politike"],"_links":{"self":[{"href":"https:\/\/rdnews.al\/index.php\/wp-json\/wp\/v2\/posts\/109431","targetHints":{"allow":["GET"]}}],"collection":[{"href":"https:\/\/rdnews.al\/index.php\/wp-json\/wp\/v2\/posts"}],"about":[{"href":"https:\/\/rdnews.al\/index.php\/wp-json\/wp\/v2\/types\/post"}],"author":[{"embeddable":true,"href":"https:\/\/rdnews.al\/index.php\/wp-json\/wp\/v2\/users\/4"}],"replies":[{"embeddable":true,"href":"https:\/\/rdnews.al\/index.php\/wp-json\/wp\/v2\/comments?post=109431"}],"version-history":[{"count":1,"href":"https:\/\/rdnews.al\/index.php\/wp-json\/wp\/v2\/posts\/109431\/revisions"}],"predecessor-version":[{"id":109432,"href":"https:\/\/rdnews.al\/index.php\/wp-json\/wp\/v2\/posts\/109431\/revisions\/109432"}],"wp:featuredmedia":[{"embeddable":true,"href":"https:\/\/rdnews.al\/index.php\/wp-json\/wp\/v2\/media\/109501"}],"wp:attachment":[{"href":"https:\/\/rdnews.al\/index.php\/wp-json\/wp\/v2\/media?parent=109431"}],"wp:term":[{"taxonomy":"category","embeddable":true,"href":"https:\/\/rdnews.al\/index.php\/wp-json\/wp\/v2\/categories?post=109431"},{"taxonomy":"post_tag","embeddable":true,"href":"https:\/\/rdnews.al\/index.php\/wp-json\/wp\/v2\/tags?post=109431"}],"curies":[{"name":"wp","href":"https:\/\/api.w.org\/{rel}","templated":true}]}}