{"id":109437,"date":"2025-04-04T16:47:40","date_gmt":"2025-04-04T16:47:40","guid":{"rendered":"https:\/\/rdnews.al\/?p=109437"},"modified":"2025-04-05T09:33:04","modified_gmt":"2025-04-05T09:33:04","slug":"tabaku-demokratet-te-bashkuar-per-ti-dhene-fitoren-pd-me-11-maj","status":"publish","type":"post","link":"https:\/\/rdnews.al\/index.php\/2025\/04\/04\/tabaku-demokratet-te-bashkuar-per-ti-dhene-fitoren-pd-me-11-maj\/","title":{"rendered":"Tabaku: Demokrat\u00ebt t\u00eb bashkuar p\u00ebr t\u2019i dh\u00ebn\u00eb fitoren PD m\u00eb 11 maj"},"content":{"rendered":"<p>Jorida Tabaku, kandidatja demokrate e cila garon n\u00eb Qarkun e Tiran\u00ebs p\u00ebr zgjedhjet parlamentare t\u00eb 11 majit, u shpreh se mb\u00ebshtetja e qytetar\u00ebve p\u00ebr PD dhe programin e saj \u00ebsht\u00eb e jasht\u00ebzakonshme, n\u00eb nj\u00eb koh\u00eb kur askush nuk e kishte menduar se PD, pas nj\u00eb viti do t\u00eb q\u00ebndronte n\u00eb k\u00ebmb\u00eb dhe m\u00eb e fort\u00eb.<\/p>\n<p>Duke folur n\u00eb bashk\u00ebbisedimin me banor\u00ebt e Nj\u00ebsis\u00eb nr. 2 dhe ato t\u00eb Depos s\u00eb Ujit n\u00eb Tiran\u00ebs, me prezenc\u00ebn edhe t\u00eb kreut t\u00eb PD, Sali Berisha, Tabaku tha se m\u00eb 11 maj, alternativa shpres\u00ebdh\u00ebn\u00ebse p\u00ebr Tiran\u00ebn dhe Shqip\u00ebrin\u00eb \u00ebsht\u00eb PD.<\/p>\n<p>\u201cDega nr 2 ka zonja t\u00eb fuqishme q\u00eb k\u00ebrkojn\u00eb vot\u00ebn e PD. Bashkimi i PD, shembulli m\u00eb i mir\u00eb \u00ebsht\u00eb dega nr. 2. Demokrat\u00eb q\u00ebndrestar\u00eb jan\u00eb b\u00ebr\u00eb bashk\u00eb p\u00ebr t\u2019i dh\u00ebn\u00eb fitoren PD m\u00eb 11 maj. Kudo q\u00eb kemi trokitur, kemi gjetur mb\u00ebshtetje t\u00eb jasht\u00ebzakonshme.<\/p>\n<p>Askush s\u2019e priste nj\u00eb vit m\u00eb par\u00eb entuziazmin e qytetar\u00ebve q\u00eb PD, do ishte n\u00eb k\u00ebmb\u00eb, e fort\u00eb dhe pas 11 majti, qeveria e ardhshme e qytetar\u00ebve n\u00eb k\u00ebt\u00eb sall\u00eb e jasht\u00eb saj, alternativa e vetme \u00ebsht\u00eb PD dhe program i saj.<\/p>\n<p>Jo m\u00eb kot nr 1, sot po thuhet nga \u00e7do i ri dhe e re, kur flasim me qytetar\u00ebt, na thon\u00eb se jemi me keq sot se sa dje. Ekonomia, xhepi q\u00eb vuajm\u00eb sot \u00ebsht\u00eb ajo q\u00eb do votojm\u00eb PD. \u00c7do qytetar Tirane, t\u00eb votoj\u00eb bindsh\u00ebm PD, e t\u2019i japim Shqip\u00ebris\u00eb ekipin q\u00eb meriton e t\u2019i kthejm\u00eb nderin e madh\u00ebshtin\u00eb Shqip\u00ebris\u00eb\u201d, tha Tabaku.<\/p>\n","protected":false},"excerpt":{"rendered":"<p>Jorida Tabaku, kandidatja demokrate e cila garon n\u00eb Qarkun e Tiran\u00ebs p\u00ebr zgjedhjet parlamentare t\u00eb 11 majit, u shpreh se mb\u00ebshtetja e qytetar\u00ebve p\u00ebr PD dhe programin e saj \u00ebsht\u00eb e jasht\u00ebzakonshme, n\u00eb nj\u00eb koh\u00eb kur askush nuk e kishte menduar se PD, pas nj\u00eb viti do t\u00eb q\u00ebndronte n\u00eb k\u00ebmb\u00eb dhe m\u00eb e fort\u00eb. &hellip;<\/p>\n","protected":false},"author":4,"featured_media":109500,"comment_status":"closed","ping_status":"closed","sticky":false,"template":"","format":"standard","meta":{"footnotes":""},"categories":[37],"tags":[],"class_list":["post-109437","post","type-post","status-publish","format-standard","has-post-thumbnail","","category-politike"],"_links":{"self":[{"href":"https:\/\/rdnews.al\/index.php\/wp-json\/wp\/v2\/posts\/109437","targetHints":{"allow":["GET"]}}],"collection":[{"href":"https:\/\/rdnews.al\/index.php\/wp-json\/wp\/v2\/posts"}],"about":[{"href":"https:\/\/rdnews.al\/index.php\/wp-json\/wp\/v2\/types\/post"}],"author":[{"embeddable":true,"href":"https:\/\/rdnews.al\/index.php\/wp-json\/wp\/v2\/users\/4"}],"replies":[{"embeddable":true,"href":"https:\/\/rdnews.al\/index.php\/wp-json\/wp\/v2\/comments?post=109437"}],"version-history":[{"count":1,"href":"https:\/\/rdnews.al\/index.php\/wp-json\/wp\/v2\/posts\/109437\/revisions"}],"predecessor-version":[{"id":109439,"href":"https:\/\/rdnews.al\/index.php\/wp-json\/wp\/v2\/posts\/109437\/revisions\/109439"}],"wp:featuredmedia":[{"embeddable":true,"href":"https:\/\/rdnews.al\/index.php\/wp-json\/wp\/v2\/media\/109500"}],"wp:attachment":[{"href":"https:\/\/rdnews.al\/index.php\/wp-json\/wp\/v2\/media?parent=109437"}],"wp:term":[{"taxonomy":"category","embeddable":true,"href":"https:\/\/rdnews.al\/index.php\/wp-json\/wp\/v2\/categories?post=109437"},{"taxonomy":"post_tag","embeddable":true,"href":"https:\/\/rdnews.al\/index.php\/wp-json\/wp\/v2\/tags?post=109437"}],"curies":[{"name":"wp","href":"https:\/\/api.w.org\/{rel}","templated":true}]}}