{"id":109440,"date":"2025-04-04T16:50:25","date_gmt":"2025-04-04T16:50:25","guid":{"rendered":"https:\/\/rdnews.al\/?p=109440"},"modified":"2025-04-04T16:50:25","modified_gmt":"2025-04-04T16:50:25","slug":"berisha-do-clirojme-bizneset-nga-barra-e-madhe-fiskale-keshtu-ata-do-te-kene-mundesi-te-investojne","status":"publish","type":"post","link":"https:\/\/rdnews.al\/index.php\/2025\/04\/04\/berisha-do-clirojme-bizneset-nga-barra-e-madhe-fiskale-keshtu-ata-do-te-kene-mundesi-te-investojne\/","title":{"rendered":"Berisha: Do \u00e7lirojm\u00eb bizneset nga barra e madhe fiskale, k\u00ebshtu ata do t\u00eb ken\u00eb mund\u00ebsi t\u00eb investojn\u00eb"},"content":{"rendered":"<p>Kryetari i Partis\u00eb Demokratike, Sali Berisha gjat\u00eb bised\u00ebs me banor\u00ebt dhe simpatizant\u00ebt e deg\u00ebs num\u00ebr 2 n\u00eb Tiran\u00eb \u00ebsht\u00eb shprehur se, biznesi do t\u00eb \u00e7lirohet nga barra e madhe fiskale.<\/p>\n<p>Berisha tha se, ne do \u00e7lirojm\u00eb bizneset nga barra e madhe fiskale, se ne besojm\u00eb se parat\u00eb n\u00eb kontot e bizneseve jan\u00eb m\u00eb t\u00eb vlefshme se n\u00eb llogarit\u00eb e qeveris\u00eb.<\/p>\n<p>\u201cNe e ndryshojm\u00eb n\u00eb m\u00ebnyr\u00eb t\u00eb shpejt\u00eb, emergjente. Ne vendosim minimumin jetik 200 euro. Absolutisht, 3 muajt e p\u00ebr t\u00eb qeverisjes son\u00eb.<\/p>\n<p>Ne do japim Kart\u00ebn e Konsumatorit. P\u00ebr \u00e7do pensionist, pensionet do t\u00eb indeksohen me dyfishin. Fillimisht, do rriten me 20%. Kemi Kart\u00ebn e Konsumatorit. Nuk mund t\u00eb marr\u00eb pensionisti me t\u00eb nj\u00ebjtin \u00e7mim ila\u00e7et q\u00eb marrim ne tjer\u00ebt me rroga t\u00eb larta. Jo!<\/p>\n<p>Atij do t\u2019i kthehet TVSH-ja 450 euro n\u00eb vit.<\/p>\n<p>Do i kthehet rrog\u00ebult\u00ebve. Ne u japim dhe f\u00ebmij\u00ebve nj\u00ebher\u00eb, n\u00eb radh\u00eb t\u00eb par\u00eb. Edhe f\u00ebmij\u00ebve. Do vejm\u00eb bonus p\u00ebr \u00e7do f\u00ebmij\u00eb n\u00eb rrog\u00eb. 70, 60 euro p\u00ebr t\u00eb dytin.pages\u00eb e plot\u00eb nga lindja gjer n\u00eb 23 vje\u00e7 p\u00ebr t\u00eb tretin.<\/p>\n<p>Ne do \u00e7lirojm\u00eb bizneset nga barra e madhe fiskale, se ne besojm\u00eb se parat\u00eb n\u00eb kontot e bizneseve jan\u00eb m\u00eb t\u00eb vlefshme se n\u00eb llogarit\u00eb e qeveris\u00eb. N\u00eb k\u00ebt\u00eb m\u00ebnyr\u00eb ata do t\u00eb ken\u00eb mund\u00ebsi, kursimet t\u2019i investojn\u00eb, t\u00eb krijojn\u00eb vende pune, t\u00eb zgjerojn\u00eb biznesin.<\/p>\n<p>Ne do b\u00ebjm\u00eb gjith\u00e7ka q\u00eb Shqip\u00ebria t\u00eb prodhoj\u00eb kudo, n\u00eb \u00e7do skaj t\u00eb saj, n\u00eb m\u00ebnyr\u00eb q\u00eb t\u00eb mirat t\u00eb shnd\u00ebrrohen n\u00eb pasuri p\u00ebr qytetar\u00ebt.<\/p>\n<p>Nj\u00eb Shqip\u00ebri q\u00eb prodhon \u00ebsht\u00eb nj\u00eb Shqip\u00ebri q\u00eb g\u00ebzon dhe begaton qytetar\u00ebt e vet. Ne, do b\u00ebjm\u00eb gjith\u00e7ka t\u2019ua gjejm\u00eb pasurit\u00eb n\u00eb Shqip\u00ebri dhe kudo q\u00eb i kan\u00eb. Dhe absolutisht t\u00eb gjitha do t\u00eb shit\u00ebn p\u00ebr t\u2019ua kthyer parat\u00eb qytetar\u00ebve. T\u00eb gjitha do t \u00eb\u00ebprdoren p\u00ebr politika sociale.<\/p>\n<p>A e pat\u00eb hotelin e 5D-ve, nj\u00eb hotel qelqi 20 kat\u00ebsh? \u00c7far\u00eb ndodhi?<\/p>\n<p>Ato dy dit\u00eb, dy lajme ishin. Nj\u00eb vajz\u00eb q\u00eb i thishte n\u00eb telefon, se ky \u00ebsht\u00eb i lali Erit, hoteli, dhe sigurisht i tiji ishte. Dhe nj\u00eb qytetar digjital q\u00eb m\u00eb shkruante se, aksioneri i hotelit \u00ebsht\u00eb, Olsi Rama.<\/p>\n<p>Hetohet dosja, \u00e7ohet n\u00eb gjykat\u00eb dhe lali Eri nuk merr asnj\u00eb akuz\u00eb p\u00ebr 5D, q\u00eb \u00ebsht\u00eb p\u00ebrgjegj\u00ebsi absolut num\u00ebr 1 p\u00ebr 5D. Pse? Se hoteli, 60 apo 70 milion\u00eb euro, m\u00eb i larg\u00ebti dhe m\u00eb i madhi n\u00eb Shqip\u00ebri \u00ebsht\u00eb aksioner edhe klani mafioz Rama.<\/p>\n<p>K\u00ebto konfiskohen. K\u00ebto t\u00eb gjitha marrin p\u00ebrgjigjen ligjore dhe u kthehen qytetar\u00ebve shqiptar\u00eb\u201d, tha Berisha.<\/p>\n","protected":false},"excerpt":{"rendered":"<p>Kryetari i Partis\u00eb Demokratike, Sali Berisha gjat\u00eb bised\u00ebs me banor\u00ebt dhe simpatizant\u00ebt e deg\u00ebs num\u00ebr 2 n\u00eb Tiran\u00eb \u00ebsht\u00eb shprehur se, biznesi do t\u00eb \u00e7lirohet nga barra e madhe fiskale. Berisha tha se, ne do \u00e7lirojm\u00eb bizneset nga barra e madhe fiskale, se ne besojm\u00eb se parat\u00eb n\u00eb kontot e bizneseve jan\u00eb m\u00eb t\u00eb vlefshme &hellip;<\/p>\n","protected":false},"author":4,"featured_media":109441,"comment_status":"closed","ping_status":"closed","sticky":false,"template":"","format":"standard","meta":{"footnotes":""},"categories":[37],"tags":[],"class_list":["post-109440","post","type-post","status-publish","format-standard","has-post-thumbnail","","category-politike"],"_links":{"self":[{"href":"https:\/\/rdnews.al\/index.php\/wp-json\/wp\/v2\/posts\/109440","targetHints":{"allow":["GET"]}}],"collection":[{"href":"https:\/\/rdnews.al\/index.php\/wp-json\/wp\/v2\/posts"}],"about":[{"href":"https:\/\/rdnews.al\/index.php\/wp-json\/wp\/v2\/types\/post"}],"author":[{"embeddable":true,"href":"https:\/\/rdnews.al\/index.php\/wp-json\/wp\/v2\/users\/4"}],"replies":[{"embeddable":true,"href":"https:\/\/rdnews.al\/index.php\/wp-json\/wp\/v2\/comments?post=109440"}],"version-history":[{"count":1,"href":"https:\/\/rdnews.al\/index.php\/wp-json\/wp\/v2\/posts\/109440\/revisions"}],"predecessor-version":[{"id":109442,"href":"https:\/\/rdnews.al\/index.php\/wp-json\/wp\/v2\/posts\/109440\/revisions\/109442"}],"wp:featuredmedia":[{"embeddable":true,"href":"https:\/\/rdnews.al\/index.php\/wp-json\/wp\/v2\/media\/109441"}],"wp:attachment":[{"href":"https:\/\/rdnews.al\/index.php\/wp-json\/wp\/v2\/media?parent=109440"}],"wp:term":[{"taxonomy":"category","embeddable":true,"href":"https:\/\/rdnews.al\/index.php\/wp-json\/wp\/v2\/categories?post=109440"},{"taxonomy":"post_tag","embeddable":true,"href":"https:\/\/rdnews.al\/index.php\/wp-json\/wp\/v2\/tags?post=109440"}],"curies":[{"name":"wp","href":"https:\/\/api.w.org\/{rel}","templated":true}]}}